{"id":63992,"date":"2023-11-16T19:12:27","date_gmt":"2023-11-16T19:12:27","guid":{"rendered":"https:\/\/rdnews.al\/?p=63992"},"modified":"2023-11-16T19:12:27","modified_gmt":"2023-11-16T19:12:27","slug":"gjimshiti-nuk-futemi-ne-fushe-per-barazim-me-moldavine","status":"publish","type":"post","link":"https:\/\/rdnews.al\/index.php\/2023\/11\/16\/gjimshiti-nuk-futemi-ne-fushe-per-barazim-me-moldavine\/","title":{"rendered":"Gjimshiti: Nuk futemi n\u00eb fush\u00eb p\u00ebr barazim me Moldavin\u00eb"},"content":{"rendered":"<p>P\u00ebrve\u00e7 trajnerit Sylvinho, n\u00eb konferenc\u00eb para sfid\u00ebs Moldavi-Shqip\u00ebri u shfaq edhe mbrojt\u00ebsi i Komb\u00ebtares, Berat Gjimshiti. Gjimshiti u shpreh se ekipi duhet t\u00eb jap\u00eb maksimumin, p\u00ebr t\u00eb marr\u00eb k\u00ebshtu suksesin q\u00eb do d\u00ebrgonte kuqezinjt\u00eb n\u00eb Euro 2024. Edhe pse mjafton nj\u00eb pik\u00eb, Gjimshiti tha se synimi \u00ebsht\u00eb 3 pik\u00ebt.<\/p>\n<p>\u201cBesoj q\u00eb brenda ekipit jemi t\u00eb nj\u00ebjt\u00eb, presioni rritet. Por presioni transformohet n\u00eb gj\u00eb t\u00eb mir\u00eb n\u00eb fush\u00eb dhe n\u00eb nje ndeshje ku jep gjith\u00e7ka t\u00eb ndihmon. Lojtar\u00ebt e ri duhet t\u00eb ndihmohen nga ne me eksperienc\u00eb. Edhe trajneri b\u00ebn pun\u00ebn e tij. Jemi shum\u00eb af\u00ebr, por duhet t\u00eb b\u00ebjm\u00eb edhe pak p\u00ebr t\u00eb b\u00ebr\u00eb \u00ebndrr\u00ebn realitet.\u201d<\/p>\n<p><strong>Vet\u00ebm ne i kemi mundur Moldav\u00ebt, a do t\u00eb p\u00ebrs\u00ebritet?<\/strong><\/p>\n<p>Do t\u00eb jet\u00eb shum\u00eb e v\u00ebshtir\u00eb, si ndeshjet e tjera. Do e p\u00ebrballojm\u00eb si gjithmon\u00eb. Nuk e harrojm\u00eb q\u00eb n\u00eb Air Albania kishim pak raste deri n\u00eb at\u00eb supergolin e Asanit. Jemi p\u00ebrgatitur shum\u00eb mir\u00eb p\u00ebr t\u00eb p\u00ebrballuar fush\u00ebn dhe t\u00eb shkojm\u00eb n\u00eb t\u00eb nj\u00ebjtin drejtim.<\/p>\n<p><strong>Nes\u00ebr llogari, apo fitore?<\/strong><\/p>\n<p>I gjith\u00eb ekipi nuk hyn p\u00ebr barazim, edhe n\u00ebse \u00ebsht\u00eb ekip i dob\u00ebt, nuk futet askush n\u00eb fush\u00eb p\u00ebr barazim. N\u00eb natyr\u00eb e kemi t\u00eb marrim 3 pik\u00ebt n\u00eb \u00e7do loj\u00eb. N\u00ebse nuk do t\u00eb kishim k\u00ebt\u00eb mentalitet do t\u00eb kishim mund\u00ebsi p\u00ebr t\u00eb gabuar m\u00eb shum\u00eb\u201d, tha ai.<\/p>\n","protected":false},"excerpt":{"rendered":"<p>P\u00ebrve\u00e7 trajnerit Sylvinho, n\u00eb konferenc\u00eb para sfid\u00ebs Moldavi-Shqip\u00ebri u shfaq edhe mbrojt\u00ebsi i Komb\u00ebtares, Berat Gjimshiti. Gjimshiti u shpreh se ekipi duhet t\u00eb jap\u00eb maksimumin, p\u00ebr t\u00eb marr\u00eb k\u00ebshtu suksesin q\u00eb do d\u00ebrgonte kuqezinjt\u00eb n\u00eb Euro 2024. Edhe pse mjafton nj\u00eb pik\u00eb, Gjimshiti tha se synimi \u00ebsht\u00eb 3 pik\u00ebt. \u201cBesoj q\u00eb brenda ekipit jemi t\u00eb &hellip;<\/p>\n","protected":false},"author":4,"featured_media":63993,"comment_status":"closed","ping_status":"closed","sticky":false,"template":"","format":"standard","meta":{"footnotes":""},"categories":[39],"tags":[],"class_list":["post-63992","post","type-post","status-publish","format-standard","has-post-thumbnail","","category-sport"],"_links":{"self":[{"href":"https:\/\/rdnews.al\/index.php\/wp-json\/wp\/v2\/posts\/63992","targetHints":{"allow":["GET"]}}],"collection":[{"href":"https:\/\/rdnews.al\/index.php\/wp-json\/wp\/v2\/posts"}],"about":[{"href":"https:\/\/rdnews.al\/index.php\/wp-json\/wp\/v2\/types\/post"}],"author":[{"embeddable":true,"href":"https:\/\/rdnews.al\/index.php\/wp-json\/wp\/v2\/users\/4"}],"replies":[{"embeddable":true,"href":"https:\/\/rdnews.al\/index.php\/wp-json\/wp\/v2\/comments?post=63992"}],"version-history":[{"count":0,"href":"https:\/\/rdnews.al\/index.php\/wp-json\/wp\/v2\/posts\/63992\/revisions"}],"wp:featuredmedia":[{"embeddable":true,"href":"https:\/\/rdnews.al\/index.php\/wp-json\/wp\/v2\/media\/63993"}],"wp:attachment":[{"href":"https:\/\/rdnews.al\/index.php\/wp-json\/wp\/v2\/media?parent=63992"}],"wp:term":[{"taxonomy":"category","embeddable":true,"href":"https:\/\/rdnews.al\/index.php\/wp-json\/wp\/v2\/categories?post=63992"},{"taxonomy":"post_tag","embeddable":true,"href":"https:\/\/rdnews.al\/index.php\/wp-json\/wp\/v2\/tags?post=63992"}],"curies":[{"name":"wp","href":"https:\/\/api.w.org\/{rel}","templated":true}]}}