{"id":64023,"date":"2023-11-17T10:14:48","date_gmt":"2023-11-17T10:14:48","guid":{"rendered":"https:\/\/rdnews.al\/?p=64023"},"modified":"2023-11-17T10:14:48","modified_gmt":"2023-11-17T10:14:48","slug":"shkarkohet-drejtori-i-ikmt-ja-per-cfare-akuzohet","status":"publish","type":"post","link":"https:\/\/rdnews.al\/index.php\/2023\/11\/17\/shkarkohet-drejtori-i-ikmt-ja-per-cfare-akuzohet\/","title":{"rendered":"Shkarkohet drejtori i IKMT, ja p\u00ebr \u00e7far\u00eb akuzohet"},"content":{"rendered":"<p>Shkarkohet drejtori i Inspektoratit Komb\u00ebtar t\u00eb Mbrojtjes s\u00eb Territorit, Agim Ismailaj. Vendimi n\u00eb fjal\u00eb, vjen vet\u00ebm 8 muaj pas q\u00ebndrimit t\u00eb tij n\u00eb detyr\u00eb. M\u00ebsohet se vendimi ka motivacion zyrtar, q\u00eb lidhet me performanc\u00eb t\u00eb ul\u00ebt dhe pas ankesave t\u00eb shumta q\u00eb qytetar\u00ebt dhe bizneset kan\u00eb pasur n\u00eb adres\u00eb t\u00eb tij p\u00ebr vendime arbitrare.<\/p>\n<p>Ismailaj erdhi n\u00eb k\u00ebt\u00eb post n\u00eb Mars t\u00eb k\u00ebtij viti si pasuesi i Dall\u00ebndyshe Bicit, por u b\u00eb drejtori m\u00eb jet\u00ebshkurt\u00ebr i IKMT gjat\u00eb qeverisjes Rama.<\/p>\n<p>N\u00eb vendin e Ismailajt \u00ebsht\u00eb em\u00ebruar Ervin Hoxha, i cili deri m\u00eb sot ka drejtuar Sh\u00ebrbimin e Prov\u00ebs, drejtori n\u00eb var\u00ebsi t\u00eb Ministris\u00eb s\u00eb Drejt\u00ebsis\u00eb.<\/p>\n","protected":false},"excerpt":{"rendered":"<p>Shkarkohet drejtori i Inspektoratit Komb\u00ebtar t\u00eb Mbrojtjes s\u00eb Territorit, Agim Ismailaj. Vendimi n\u00eb fjal\u00eb, vjen vet\u00ebm 8 muaj pas q\u00ebndrimit t\u00eb tij n\u00eb detyr\u00eb. M\u00ebsohet se vendimi ka motivacion zyrtar, q\u00eb lidhet me performanc\u00eb t\u00eb ul\u00ebt dhe pas ankesave t\u00eb shumta q\u00eb qytetar\u00ebt dhe bizneset kan\u00eb pasur n\u00eb adres\u00eb t\u00eb tij p\u00ebr vendime arbitrare. Ismailaj &hellip;<\/p>\n","protected":false},"author":4,"featured_media":64024,"comment_status":"closed","ping_status":"closed","sticky":false,"template":"","format":"standard","meta":{"footnotes":""},"categories":[37],"tags":[],"class_list":["post-64023","post","type-post","status-publish","format-standard","has-post-thumbnail","","category-politike"],"_links":{"self":[{"href":"https:\/\/rdnews.al\/index.php\/wp-json\/wp\/v2\/posts\/64023","targetHints":{"allow":["GET"]}}],"collection":[{"href":"https:\/\/rdnews.al\/index.php\/wp-json\/wp\/v2\/posts"}],"about":[{"href":"https:\/\/rdnews.al\/index.php\/wp-json\/wp\/v2\/types\/post"}],"author":[{"embeddable":true,"href":"https:\/\/rdnews.al\/index.php\/wp-json\/wp\/v2\/users\/4"}],"replies":[{"embeddable":true,"href":"https:\/\/rdnews.al\/index.php\/wp-json\/wp\/v2\/comments?post=64023"}],"version-history":[{"count":0,"href":"https:\/\/rdnews.al\/index.php\/wp-json\/wp\/v2\/posts\/64023\/revisions"}],"wp:featuredmedia":[{"embeddable":true,"href":"https:\/\/rdnews.al\/index.php\/wp-json\/wp\/v2\/media\/64024"}],"wp:attachment":[{"href":"https:\/\/rdnews.al\/index.php\/wp-json\/wp\/v2\/media?parent=64023"}],"wp:term":[{"taxonomy":"category","embeddable":true,"href":"https:\/\/rdnews.al\/index.php\/wp-json\/wp\/v2\/categories?post=64023"},{"taxonomy":"post_tag","embeddable":true,"href":"https:\/\/rdnews.al\/index.php\/wp-json\/wp\/v2\/tags?post=64023"}],"curies":[{"name":"wp","href":"https:\/\/api.w.org\/{rel}","templated":true}]}}