{"id":64095,"date":"2023-11-17T18:06:44","date_gmt":"2023-11-17T18:06:44","guid":{"rendered":"https:\/\/rdnews.al\/?p=64095"},"modified":"2023-11-17T18:07:01","modified_gmt":"2023-11-17T18:07:01","slug":"sekretari-i-pergjithshem-i-nato-s-te-henen-ne-kosove","status":"publish","type":"post","link":"https:\/\/rdnews.al\/index.php\/2023\/11\/17\/sekretari-i-pergjithshem-i-nato-s-te-henen-ne-kosove\/","title":{"rendered":"Sekretari i P\u00ebrgjithsh\u00ebm i NATO-s t\u00eb h\u00ebn\u00ebn n\u00eb Kosov\u00eb"},"content":{"rendered":"<p>Sekretari i P\u00ebrgjithsh\u00ebm i NATO-s, Jens Stoltenberg, do ta vizitoj\u00eb Kosov\u00ebn, t\u00eb h\u00ebn\u00ebn, 20 n\u00ebntor, n\u00eb kuad\u00ebr t\u00eb nj\u00eb vizite n\u00eb disa vende t\u00eb Ballkanit.Ai pritet t\u00eb takohet me presidenten e shtetit, Vjosa Osmani, n\u00eb pasditen e s\u00eb h\u00ebn\u00ebs.<\/p>\n<p>Sipas njoftimit t\u00eb NATO-s, Stoltenberg do ta nis\u00eb vizit\u00ebn n\u00eb Ballkan fillimisht n\u00eb Bosnje-Hercegovin\u00eb, gjat\u00eb paradites s\u00eb 20 n\u00ebntorit.<\/p>\n<p>T\u00eb nes\u00ebrmen do t\u00eb jet\u00eb n\u00eb Serbi dhe Maqedoni t\u00eb Veriut.<\/p>\n<p>N\u00eb k\u00ebt\u00eb t\u00eb fundit, do t\u00eb q\u00ebndroj\u00eb edhe m\u00eb 22 n\u00ebntor.<\/p>\n<p>Prej vendeve t\u00eb Ballkanit Per\u00ebndimor, Shqip\u00ebria, Maqedonia e Veriut dhe Mali i Zi, jan\u00eb pjes\u00eb e aleanc\u00ebs.<\/p>\n<p>Zyrtar\u00ebt shtet\u00ebrore t\u00eb Kosov\u00ebs kan\u00eb shprehur disa her\u00eb synimin p\u00ebr t\u2019u b\u00ebr\u00eb pjes\u00eb e Bashkimit Evropian dhe NATO-s.<\/p>\n<p>Vitin e kaluar, kryeministri i Kosov\u00ebs, e ka p\u00ebrmendur se synon q\u00eb vendi t\u00eb an\u00ebtar\u00ebsohet n\u00eb programin e NATO-s, Partneriteti p\u00ebr Paqe.<\/p>\n<p>Shtetet e Bashkuara e kan\u00eb mb\u00ebshtetur k\u00ebt\u00eb vendim t\u00eb Kosov\u00ebs, ndon\u00ebse kan\u00eb t\u00ebrhequr v\u00ebrejtjen se p\u00ebr nj\u00eb an\u00ebtar\u00ebsim t\u00eb till\u00eb duhet miratim i t\u00eb gjitha vendeve t\u00eb aleanc\u00ebs.<\/p>\n<p>Nga 31 vende an\u00ebtare t\u00eb NATO-s, Kosov\u00ebn si shtet t\u00eb pavarur e kan\u00eb njohur 27 prej tyre nd\u00ebrsa kat\u00ebr (Greqia, Rumania, Sllovakia dhe Spanja) ende jo.<\/p>\n<p>Partneriteti p\u00ebr Paqe \u00ebsht\u00eb nj\u00eb program i NATO-s, q\u00eb synon krijimin e besimit midis shteteve an\u00ebtare t\u00eb NATO-s dhe shteteve t\u00eb tjera n\u00eb Evrop\u00eb.<\/p>\n<p>Aktualisht, NATO-ja \u00ebsht\u00eb prezente n\u00eb Kosov\u00eb p\u00ebrmes misionit t\u00eb saj, KFOR.<\/p>\n<p>Deri n\u00eb n\u00ebntor t\u00eb vitit 2023, pjes\u00eb e k\u00ebtij misioni kan\u00eb qen\u00eb 4.687 trupa prej 27 vendeve t\u00eb bot\u00ebs.\/REL\/<\/p>\n","protected":false},"excerpt":{"rendered":"<p>Sekretari i P\u00ebrgjithsh\u00ebm i NATO-s, Jens Stoltenberg, do ta vizitoj\u00eb Kosov\u00ebn, t\u00eb h\u00ebn\u00ebn, 20 n\u00ebntor, n\u00eb kuad\u00ebr t\u00eb nj\u00eb vizite n\u00eb disa vende t\u00eb Ballkanit.Ai pritet t\u00eb takohet me presidenten e shtetit, Vjosa Osmani, n\u00eb pasditen e s\u00eb h\u00ebn\u00ebs. Sipas njoftimit t\u00eb NATO-s, Stoltenberg do ta nis\u00eb vizit\u00ebn n\u00eb Ballkan fillimisht n\u00eb Bosnje-Hercegovin\u00eb, gjat\u00eb paradites &hellip;<\/p>\n","protected":false},"author":4,"featured_media":59171,"comment_status":"closed","ping_status":"closed","sticky":false,"template":"","format":"standard","meta":{"footnotes":""},"categories":[38],"tags":[],"class_list":["post-64095","post","type-post","status-publish","format-standard","has-post-thumbnail","","category-bota"],"_links":{"self":[{"href":"https:\/\/rdnews.al\/index.php\/wp-json\/wp\/v2\/posts\/64095","targetHints":{"allow":["GET"]}}],"collection":[{"href":"https:\/\/rdnews.al\/index.php\/wp-json\/wp\/v2\/posts"}],"about":[{"href":"https:\/\/rdnews.al\/index.php\/wp-json\/wp\/v2\/types\/post"}],"author":[{"embeddable":true,"href":"https:\/\/rdnews.al\/index.php\/wp-json\/wp\/v2\/users\/4"}],"replies":[{"embeddable":true,"href":"https:\/\/rdnews.al\/index.php\/wp-json\/wp\/v2\/comments?post=64095"}],"version-history":[{"count":0,"href":"https:\/\/rdnews.al\/index.php\/wp-json\/wp\/v2\/posts\/64095\/revisions"}],"wp:featuredmedia":[{"embeddable":true,"href":"https:\/\/rdnews.al\/index.php\/wp-json\/wp\/v2\/media\/59171"}],"wp:attachment":[{"href":"https:\/\/rdnews.al\/index.php\/wp-json\/wp\/v2\/media?parent=64095"}],"wp:term":[{"taxonomy":"category","embeddable":true,"href":"https:\/\/rdnews.al\/index.php\/wp-json\/wp\/v2\/categories?post=64095"},{"taxonomy":"post_tag","embeddable":true,"href":"https:\/\/rdnews.al\/index.php\/wp-json\/wp\/v2\/tags?post=64095"}],"curies":[{"name":"wp","href":"https:\/\/api.w.org\/{rel}","templated":true}]}}