{"id":6419,"date":"2022-03-08T20:45:11","date_gmt":"2022-03-08T20:45:11","guid":{"rendered":"https:\/\/rdnews.al\/?p=6419"},"modified":"2022-03-08T20:45:11","modified_gmt":"2022-03-08T20:45:11","slug":"humbesit-ne-unitet-me-humbesin-per-pazare-me-qeverine","status":"publish","type":"post","link":"https:\/\/rdnews.al\/index.php\/2022\/03\/08\/humbesit-ne-unitet-me-humbesin-per-pazare-me-qeverine\/","title":{"rendered":"Humb\u00ebsit n\u00eb unitet me humb\u00ebsin p\u00ebr pazare me qeverin\u00eb"},"content":{"rendered":"<p>Teksa pritet q\u00eb n\u00eb selin\u00eb blu t\u00eb filloi Kolegji i Kryetar\u00ebve t\u00eb deg\u00ebve t\u00eb PD-s\u00eb, kryetar\u00ebt e deg\u00ebve t\u00eb Fierit, Shkodr\u00ebs dhe Dibr\u00ebs kan\u00eb dh\u00ebn\u00eb reagimet e tyre.<\/p>\n<p>Xhemal Bushati, i cili kandidoi p\u00ebr Bashkin\u00eb e Shkodr\u00ebs n\u00eb zgjedhjet e 6 marsit \u00ebsht\u00eb shprehur se Lulzim Basha kreu aktual i PD- nuk ka arsye pse ta l\u00ebri karrigen e tij dhe t\u00eb japi dor\u00ebheqjen, dhe po ashtu ai ka k\u00ebrkuar nj\u00eb analiz\u00ebn p\u00ebr at\u00eb q\u00eb ndodhi.<\/p>\n<p>Po ashtu n\u00eb krah\u00eb t\u00eb Bash\u00ebs \u00ebsht\u00eb radhitur dhe kryetari i deg\u00ebs s\u00eb Dibr\u00ebs, Luan Haka i cili ka shprehur se zgjedhjet e 6 marsit nuk jan\u00eb nj\u00eb arsye e fort\u00eb q\u00eb Basha t\u00eb jap dor\u00ebheqjen.<\/p>\n<p>Agron Kapllanaj, kryetari i deg\u00ebs s\u00eb Fierit, i cili deklaroi disa dit\u00eb m\u00eb par\u00eb se n\u00ebse Berisha do t\u00eb merrte Shkodr\u00ebn ai do ikte nga politika, \u00ebsht\u00eb t\u00ebrhequr nga ajo q\u00eb tha duke e quajtur nj\u00eb deklarat\u00eb t\u00eb nxituar dhe akuzoi Berish\u00ebn se p\u00ebr fitoren n\u00eb Shkod\u00ebr ka bashk\u00ebpunuar me Ram\u00ebn dhe Doshin.<\/p>\n","protected":false},"excerpt":{"rendered":"<p>Teksa pritet q\u00eb n\u00eb selin\u00eb blu t\u00eb filloi Kolegji i Kryetar\u00ebve t\u00eb deg\u00ebve t\u00eb PD-s\u00eb, kryetar\u00ebt e deg\u00ebve t\u00eb Fierit, Shkodr\u00ebs dhe Dibr\u00ebs kan\u00eb dh\u00ebn\u00eb reagimet e tyre. Xhemal Bushati, i cili kandidoi p\u00ebr Bashkin\u00eb e Shkodr\u00ebs n\u00eb zgjedhjet e 6 marsit \u00ebsht\u00eb shprehur se Lulzim Basha kreu aktual i PD- nuk ka arsye pse &hellip;<\/p>\n","protected":false},"author":4,"featured_media":6420,"comment_status":"open","ping_status":"open","sticky":false,"template":"","format":"standard","meta":{"footnotes":""},"categories":[40],"tags":[],"class_list":["post-6419","post","type-post","status-publish","format-standard","has-post-thumbnail","","category-aktualitet"],"_links":{"self":[{"href":"https:\/\/rdnews.al\/index.php\/wp-json\/wp\/v2\/posts\/6419","targetHints":{"allow":["GET"]}}],"collection":[{"href":"https:\/\/rdnews.al\/index.php\/wp-json\/wp\/v2\/posts"}],"about":[{"href":"https:\/\/rdnews.al\/index.php\/wp-json\/wp\/v2\/types\/post"}],"author":[{"embeddable":true,"href":"https:\/\/rdnews.al\/index.php\/wp-json\/wp\/v2\/users\/4"}],"replies":[{"embeddable":true,"href":"https:\/\/rdnews.al\/index.php\/wp-json\/wp\/v2\/comments?post=6419"}],"version-history":[{"count":0,"href":"https:\/\/rdnews.al\/index.php\/wp-json\/wp\/v2\/posts\/6419\/revisions"}],"wp:featuredmedia":[{"embeddable":true,"href":"https:\/\/rdnews.al\/index.php\/wp-json\/wp\/v2\/media\/6420"}],"wp:attachment":[{"href":"https:\/\/rdnews.al\/index.php\/wp-json\/wp\/v2\/media?parent=6419"}],"wp:term":[{"taxonomy":"category","embeddable":true,"href":"https:\/\/rdnews.al\/index.php\/wp-json\/wp\/v2\/categories?post=6419"},{"taxonomy":"post_tag","embeddable":true,"href":"https:\/\/rdnews.al\/index.php\/wp-json\/wp\/v2\/tags?post=6419"}],"curies":[{"name":"wp","href":"https:\/\/api.w.org\/{rel}","templated":true}]}}