{"id":64264,"date":"2023-11-20T11:51:00","date_gmt":"2023-11-20T11:51:00","guid":{"rendered":"https:\/\/rdnews.al\/?p=64264"},"modified":"2023-11-20T11:51:00","modified_gmt":"2023-11-20T11:51:00","slug":"washington-post-opozita-ne-proteste-kunder-sundimit-autoritar","status":"publish","type":"post","link":"https:\/\/rdnews.al\/index.php\/2023\/11\/20\/washington-post-opozita-ne-proteste-kunder-sundimit-autoritar\/","title":{"rendered":"\u201cWashington Post\u201d: Opozita n\u00eb protest\u00eb kund\u00ebr sundimit autoritar"},"content":{"rendered":"<p>Mediat nd\u00ebrkomb\u00ebtare po i b\u00ebjn\u00eb jehon\u00eb edhe protest\u00ebs s\u00eb sotme t\u00eb opozit\u00ebs n\u00eb Kuvend.<\/p>\n<p>Gazeta e madhe amerikane \u2018Washington Post\u2019 publikon nj\u00eb raportim t\u00eb AP, ku thuhet se opozita e nd\u00ebrpreu s\u00ebrish seanc\u00ebn e Kuvendit me flakadan\u00eb dhe karrige t\u00eb mbledhura grumbull.<\/p>\n<p>\u201cDeputet\u00ebt shqiptar\u00eb t\u00eb opozit\u00ebs nd\u00ebrpren\u00eb s\u00ebrish seanc\u00ebn e Kuvendit t\u00eb h\u00ebn\u00ebn p\u00ebr t\u00eb protestuar kund\u00ebr asaj q\u00eb thon\u00eb se \u00ebsht\u00eb nj\u00eb sundim gjithnj\u00eb e m\u00eb autoritar nga socialist\u00ebt n\u00eb pushtet.<\/p>\n<p>Ligjv\u00ebn\u00ebsit demokrat\u00eb ndez\u00ebn flakadan\u00eb dhe grumbulluan karrige nj\u00ebra mbi tjetr\u00ebn n\u00eb mes t\u00eb sall\u00ebs n\u00eb momentin q\u00eb kryeministri Edi Rama zuri vendin p\u00ebr t\u00eb votuar buxhetin e vitit t\u00eb ardhsh\u00ebm.<\/p>\n<p>Nj\u00eb kordon truprojash i ndaloi ligjv\u00ebn\u00ebsit e opozit\u00ebs t\u00eb afroheshin pran\u00eb karrigeve t\u00eb kabinetit.<\/p>\n<p>Socialist\u00ebt e majt\u00eb, t\u00eb cil\u00ebt kan\u00eb 73 mandate n\u00eb parlamentin me 140 vende, b\u00ebn\u00eb nj\u00eb votim t\u00eb shpejt\u00eb n\u00eb parim dhe e mbyll\u00ebn seanc\u00ebn n\u00eb 5 minuta. Nj\u00eb debat p\u00ebr \u00e7do z\u00eb buxheti pritet n\u00eb fund t\u00eb k\u00ebsaj jave.<\/p>\n<p>Nj\u00eb nga flakadan\u00ebt ndezi nj\u00eb zjarr t\u00eb vog\u00ebl, i cili u shua nga deputet\u00ebt e opozit\u00ebs.<\/p>\n<p>Opozita k\u00ebrkon t\u00eb krijoj\u00eb komisione hetimore parlamentare p\u00ebr t\u00eb hetuar rastet e dyshuara t\u00eb korrupsionit q\u00eb p\u00ebrfshijn\u00eb Ram\u00ebn dhe zyrtar\u00eb t\u00eb tjer\u00eb t\u00eb lart\u00eb t\u00eb qeveris\u00eb.<\/p>\n<p>Socialist\u00ebt thon\u00eb se k\u00ebrkesat e opozit\u00ebs nuk jan\u00eb n\u00eb p\u00ebrputhje me k\u00ebrkesat kushtetuese\u201d, thuhet n\u00eb shkrim.<\/p>\n","protected":false},"excerpt":{"rendered":"<p>Mediat nd\u00ebrkomb\u00ebtare po i b\u00ebjn\u00eb jehon\u00eb edhe protest\u00ebs s\u00eb sotme t\u00eb opozit\u00ebs n\u00eb Kuvend. Gazeta e madhe amerikane \u2018Washington Post\u2019 publikon nj\u00eb raportim t\u00eb AP, ku thuhet se opozita e nd\u00ebrpreu s\u00ebrish seanc\u00ebn e Kuvendit me flakadan\u00eb dhe karrige t\u00eb mbledhura grumbull. \u201cDeputet\u00ebt shqiptar\u00eb t\u00eb opozit\u00ebs nd\u00ebrpren\u00eb s\u00ebrish seanc\u00ebn e Kuvendit t\u00eb h\u00ebn\u00ebn p\u00ebr t\u00eb &hellip;<\/p>\n","protected":false},"author":4,"featured_media":64237,"comment_status":"closed","ping_status":"closed","sticky":false,"template":"","format":"standard","meta":{"footnotes":""},"categories":[37],"tags":[],"class_list":["post-64264","post","type-post","status-publish","format-standard","has-post-thumbnail","","category-politike"],"_links":{"self":[{"href":"https:\/\/rdnews.al\/index.php\/wp-json\/wp\/v2\/posts\/64264","targetHints":{"allow":["GET"]}}],"collection":[{"href":"https:\/\/rdnews.al\/index.php\/wp-json\/wp\/v2\/posts"}],"about":[{"href":"https:\/\/rdnews.al\/index.php\/wp-json\/wp\/v2\/types\/post"}],"author":[{"embeddable":true,"href":"https:\/\/rdnews.al\/index.php\/wp-json\/wp\/v2\/users\/4"}],"replies":[{"embeddable":true,"href":"https:\/\/rdnews.al\/index.php\/wp-json\/wp\/v2\/comments?post=64264"}],"version-history":[{"count":0,"href":"https:\/\/rdnews.al\/index.php\/wp-json\/wp\/v2\/posts\/64264\/revisions"}],"wp:featuredmedia":[{"embeddable":true,"href":"https:\/\/rdnews.al\/index.php\/wp-json\/wp\/v2\/media\/64237"}],"wp:attachment":[{"href":"https:\/\/rdnews.al\/index.php\/wp-json\/wp\/v2\/media?parent=64264"}],"wp:term":[{"taxonomy":"category","embeddable":true,"href":"https:\/\/rdnews.al\/index.php\/wp-json\/wp\/v2\/categories?post=64264"},{"taxonomy":"post_tag","embeddable":true,"href":"https:\/\/rdnews.al\/index.php\/wp-json\/wp\/v2\/tags?post=64264"}],"curies":[{"name":"wp","href":"https:\/\/api.w.org\/{rel}","templated":true}]}}