{"id":64275,"date":"2023-11-20T12:42:43","date_gmt":"2023-11-20T12:42:43","guid":{"rendered":"https:\/\/rdnews.al\/?p=64275"},"modified":"2023-11-20T12:48:58","modified_gmt":"2023-11-20T12:48:58","slug":"berisha-ilir-beqaj-apo-njeriu-qe-amnistoi-edi-rama-eshte-pergjegjes-para-ligjit","status":"publish","type":"post","link":"https:\/\/rdnews.al\/index.php\/2023\/11\/20\/berisha-ilir-beqaj-apo-njeriu-qe-amnistoi-edi-rama-eshte-pergjegjes-para-ligjit\/","title":{"rendered":"Berisha: T\u00eb thuash se Beqqja nuk ka diktuar konfliktin e interesit, do t\u00eb thot\u00eb ta shpall\u00ebsh t\u00eb pafajsh\u00ebm"},"content":{"rendered":"<p>Kryetari i PD, Sali Berisha tha se, t\u00eb akuzosh Beq\u00ebn se nuk ka diktuar konfliktin e interesit, do t\u00eb thot\u00eb ta shpall\u00ebsh t\u00eb pafajsh\u00ebm. Berisha tha se, Ilir Beqaj \u00ebsht\u00eb p\u00ebrgjegj\u00ebs para ligjit, apo njeriu q\u00eb amnistoi Edi Rama \u00ebsht\u00eb p\u00ebrgjegj\u00ebs para ligjit.<br \/>\n\u201cT\u00eb akuzosh Ilir Beq\u00ebn p\u00ebr shp\u00ebrdorim detyre, se nuk ka diktuar konfliktin e interesit Rrapaj-Rrjepaj, \u00ebsht\u00eb de facto, n\u00eb baz\u00eb t\u00eb ligjit e shpall at\u00eb t\u00eb pafajsh\u00ebm.<br \/>\nDhe k\u00ebtu q\u00ebndron i gjith\u00eb thelbi i amnistis\u00eb s\u00eb dyt\u00eb n\u00eb kat\u00ebr muaj t\u00eb Ilir Beq\u00ebs.<br \/>\nE shpall t\u00eb pafajsh\u00ebm sepse ligji i konfliktit t\u00eb interesit, nuk ngarkon titullarin Beqaj p\u00ebr t\u00eb diktuar se cili \u00ebsht\u00eb apo nuk \u00ebsht\u00eb n\u00eb konflikt interesi. K\u00ebt\u00eb detyr\u00eb, ligj\u00ebrisht dhe p\u00ebrgjegj\u00ebs para ligjit, jan\u00eb ata t\u00eb cil\u00ebt aplikojn\u00eb p\u00ebr nj\u00eb projekt, nj\u00eb tender, nj\u00eb k\u00ebrkes\u00eb financiare n\u00eb konflikt interesi.<br \/>\nPra, Rama d\u00ebrgon Beq\u00ebn me akuz\u00ebn se nuk diktoi konfliktin e interesit, me q\u00ebllimin e vet\u00ebm q\u00eb gjykat\u00ebsi t\u00eb thot\u00eb se Beqaj \u00ebsht\u00eb i pafajsh\u00ebm. Ligji nuk ia k\u00ebrkon Beq\u00ebs k\u00ebt\u00eb. Ligji ia k\u00ebrkon Rrjep\u00ebs dhe Rrapajt.<br \/>\nMe amnistin\u00eb e dyt\u00eb de facto t\u00eb Ilir Beq\u00ebs nga SKAP i tij, Edi Rama, njeriu q\u00eb bridhte studio m\u00eb studio me nj\u00eb g\u00ebrsh\u00ebr\u00eb me nj\u00eb krah dhe nj\u00eb pinc\u00eb t\u00eb thyer, p\u00ebr t\u00eb mbuluar vjedhjen e tij t\u00eb dyt\u00eb t\u00eb shekullit, vet\u00ebm sa fakton para shqiptar\u00ebve, faj\u00ebsin\u00eb e tij t\u00eb plot\u00eb p\u00ebr k\u00ebt\u00eb afer\u00eb.<br \/>\nK\u00ebshtu q\u00eb me k\u00ebt\u00eb rast, d\u00ebnoj para t\u00eb gjith\u00eb shqiptar\u00ebve, k\u00ebt\u00eb akt t\u00eb sh\u00ebmtuar, t\u00eb paimagjinuesh\u00ebm.<br \/>\nIlir Beqaj \u00ebsht\u00eb p\u00ebrgjegj\u00ebs direkt para ligjit, sepse ai ka firmosur kalimin me koncesion t\u00eb sterilizimit, i cili b\u00ebhej nga sektori publik, n\u00eb sektorin privat.<br \/>\nIlir Beqaj \u00ebsht\u00eb p\u00ebrgjegj\u00ebs para ligjit, sepse jo vet\u00ebm ka firmosur, por ai ka caktuar kush\u00ebririn e tij t\u00eb par\u00eb, dhe n\u00eb k\u00ebt\u00eb rast nuk kemi t\u00eb b\u00ebjm\u00eb lidhjen Rrjepaj-Rrapaj, por me lidhjet Byrazeri-Beqaj p\u00ebr fizibilitetin.<br \/>\nIlir Beqaj \u00ebsht\u00eb fajtor direkt, pasi ka firmosur studimin-mashtrim, sipas t\u00eb cilit dh\u00ebnia me koncesion do t\u00eb ulte 3 her\u00eb \u00e7mimin, nd\u00ebrkoh\u00eb q\u00eb kjo dh\u00ebnie e rriti \u00e7mimin e sterilizimit83 her\u00eb.<br \/>\nIlir Beqaj \u00ebsht\u00eb p\u00ebrgjegj\u00ebs direkt para ligjit, prandaj e shp\u00ebton Edi Rama, sepse me firm\u00ebn e tij n\u00eb kund\u00ebrshtim me \u00e7do praktik\u00eb ligjore, ka firmosur pik\u00ebt q\u00eb i ka dh\u00ebn\u00eb Investalit t\u00eb Ram\u00ebs, kompanis\u00eb Rama-Rrapaj, n\u00eb nj\u00eb koh\u00eb kur kjo nuk ishte kurr\u00eb detyr\u00eb e ministrit.<br \/>\nIlir Beqaj \u00ebsht\u00eb p\u00ebrgjegj\u00ebs direkt para ligjit sepse i ka dhuruar Investalit t\u00eb Rama-Rrepajt, megasterilizatorin e bler\u00eb 1.7 milion\u00eb euro ultramodern dhe nj\u00eb kat t\u00eb spitalit t\u00eb ri t\u00eb nd\u00ebrtuar pik\u00ebrisht p\u00ebr sterilizimet.<br \/>\nIlir Beqaj \u00ebsht\u00eb p\u00ebrgjegj\u00ebs para ligjit, apo njeriu q\u00eb amnistoi Edi Rama \u00ebsht\u00eb p\u00ebrgjegj\u00ebs para ligjit, pasi me firm\u00ebn e tij, ai i ka dhuruar kompanis\u00eb falas, shpenzimet p\u00ebr energjin\u00eb elektrike, shpenzimet p\u00ebr ujin.<br \/>\nN\u00eb gjysm\u00ebn e afatit t\u00eb p\u00ebrcaktuar, kjo kompani ka grabitur 79 milion\u00eb euro, nd\u00ebrkoh\u00eb q\u00eb n\u00eb 10 vite, fitimi i saj ishte parashikuar 99 milion\u00eb.<br \/>\nPra, t\u00eb \u00e7osh p\u00ebrpara gjykat\u00ebsit Beq\u00ebn, me akuz\u00ebn se nuk ka diktuar konfliktin e interesit mes Rrjepajt dhe Rrapajt, do t\u00eb thot\u00eb ta shfaj\u00ebsosh at\u00eb nga t\u00eb gjitha k\u00ebto akuza.<br \/>\nTa shfaj\u00ebsosh at\u00eb nga krimi i sh\u00ebmtuar. P\u00ebr shkak t\u00eb k\u00ebsaj marr\u00ebveshje, kan\u00eb mbetur pa u operuar s\u00eb paku 1 mij\u00eb qytetar\u00eb n\u00eb muaj dhe n\u00eb nj\u00eb vit, qindra e mij\u00ebra prej tyre mund t\u00eb ken\u00eb pasur pasoja fatale, p\u00ebr shkak se nuk operoheshin dot sepse spitalet nuk p\u00ebrballonin kostot e Investalit Rama-Rrjepaj p\u00ebr kostot e sterilizimit.<br \/>\nPra, kemi t\u00eb b\u00ebjm\u00eb me nj\u00eb amnisti nd\u00ebra m\u00eb kriminalet n\u00eb historin\u00eb e k\u00ebtij vendit, e dyta n\u00eb kat\u00ebr muaj, nga SKAP i partis\u00eb, i shnd\u00ebrruar n\u00eb nj\u00eb veg\u00ebl t\u00eb verb\u00ebr, i shnd\u00ebrruar totalisht n\u00eb nj\u00eb organizat\u00eb kriminale n\u00eb duart e Edi Ram\u00ebs\u201d, u shpreh Berisha.<\/p>\n","protected":false},"excerpt":{"rendered":"<p>Kryetari i PD, Sali Berisha tha se, t\u00eb akuzosh Beq\u00ebn se nuk ka diktuar konfliktin e interesit, do t\u00eb thot\u00eb ta shpall\u00ebsh t\u00eb pafajsh\u00ebm. Berisha tha se, Ilir Beqaj \u00ebsht\u00eb p\u00ebrgjegj\u00ebs para ligjit, apo njeriu q\u00eb amnistoi Edi Rama \u00ebsht\u00eb p\u00ebrgjegj\u00ebs para ligjit. \u201cT\u00eb akuzosh Ilir Beq\u00ebn p\u00ebr shp\u00ebrdorim detyre, se nuk ka diktuar konfliktin &hellip;<\/p>\n","protected":false},"author":4,"featured_media":0,"comment_status":"closed","ping_status":"closed","sticky":false,"template":"","format":"standard","meta":{"footnotes":""},"categories":[37],"tags":[],"class_list":["post-64275","post","type-post","status-publish","format-standard","","category-politike"],"_links":{"self":[{"href":"https:\/\/rdnews.al\/index.php\/wp-json\/wp\/v2\/posts\/64275","targetHints":{"allow":["GET"]}}],"collection":[{"href":"https:\/\/rdnews.al\/index.php\/wp-json\/wp\/v2\/posts"}],"about":[{"href":"https:\/\/rdnews.al\/index.php\/wp-json\/wp\/v2\/types\/post"}],"author":[{"embeddable":true,"href":"https:\/\/rdnews.al\/index.php\/wp-json\/wp\/v2\/users\/4"}],"replies":[{"embeddable":true,"href":"https:\/\/rdnews.al\/index.php\/wp-json\/wp\/v2\/comments?post=64275"}],"version-history":[{"count":0,"href":"https:\/\/rdnews.al\/index.php\/wp-json\/wp\/v2\/posts\/64275\/revisions"}],"wp:attachment":[{"href":"https:\/\/rdnews.al\/index.php\/wp-json\/wp\/v2\/media?parent=64275"}],"wp:term":[{"taxonomy":"category","embeddable":true,"href":"https:\/\/rdnews.al\/index.php\/wp-json\/wp\/v2\/categories?post=64275"},{"taxonomy":"post_tag","embeddable":true,"href":"https:\/\/rdnews.al\/index.php\/wp-json\/wp\/v2\/tags?post=64275"}],"curies":[{"name":"wp","href":"https:\/\/api.w.org\/{rel}","templated":true}]}}