{"id":64637,"date":"2023-11-24T09:31:45","date_gmt":"2023-11-24T09:31:45","guid":{"rendered":"https:\/\/rdnews.al\/?p=64637"},"modified":"2023-11-24T09:31:45","modified_gmt":"2023-11-24T09:31:45","slug":"sterilizimi-gjykata-kunder-prokurorise-beqaj-ka-kryer-me-shume-shkelje-se-rrapaj-e-rrjepaj","status":"publish","type":"post","link":"https:\/\/rdnews.al\/index.php\/2023\/11\/24\/sterilizimi-gjykata-kunder-prokurorise-beqaj-ka-kryer-me-shume-shkelje-se-rrapaj-e-rrjepaj\/","title":{"rendered":"Sterilizimi\/ Gjykata kund\u00ebr Prokuroris\u00eb: Beqaj ka kryer m\u00eb shum\u00eb shkelje se Rrapaj e Rrjepaj!"},"content":{"rendered":"<p>Detaje t\u00eb reja jan\u00eb zbardhur nga dosja e \u201cSterilizimit\u201d. Sipas Gjykat\u00ebs s\u00eb Posa\u00e7me (GJKKO), ish-ministri i Sh\u00ebndet\u00ebsis\u00eb\u00a0Ilir Beqaj\u00a0duhet t\u00eb merrte mas\u00eb m\u00eb t\u00eb r\u00ebnd\u00eb sigurie nga Prokuroria e Posa\u00e7me Kund\u00ebr Korrupsionit dhe Krimit t\u00eb Organizuar (SPAK), pasi theksojn\u00eb ka kryer m\u00eb shum\u00eb shkelje se\u00a0Klodian Rrjepaj\u00a0(ish-zv.ministri i Sh\u00ebndet\u00ebsis\u00eb) dhe Ilir Rrapaj (biznesmen).<\/p>\n<p>N\u00eb dosje thuhet se ka dyshime bazuar n\u00eb prova se Beqaj p\u00ebrve\u00e7se ka shp\u00ebrdoruar detyr\u00ebn, ka falsifikuar vula, stampa dhe formular\u00eb. \u00a0P\u00ebr k\u00ebto t\u00eb fundit, ai rrezikon deri n\u00eb 7 vite burg.<\/p>\n<p><em>\u201cEkziston dyshimi i arsyesh\u00ebm i bazuar n\u00eb prova se personi n\u00ebn hetim I.B. krahas figur\u00ebs s\u00eb vepr\u00ebs penale \u201cShp\u00ebrdorim i detyr\u00ebs\u201d i kryer n\u00eb bashk\u00ebpunim parashikuar nga neni 248 dhe 25 i Kodit Penal, ka konsumuar edhe element\u00ebt e figur\u00ebs s\u00eb vepr\u00ebs penale t\u00eb \u201cFalsifikimit t\u00eb vulave, stampave dhe formular\u00ebve\u201d nga personi q\u00eb ka p\u00ebr detyr\u00eb hartimin e tyre, parashikuar nga neni 190 paragrafi i tret\u00eb i Kodit Penal, ku parashikohet shprehimisht se: \u201cFalsifikimi ose p\u00ebrdorimi i vulave, i stampave apo i formular\u00ebve t\u00eb falsifikuar ose paraqitja e rrethanave t\u00eb rreme n\u00eb k\u00ebto t\u00eb fundit, q\u00eb u drejtohen organeve shtet\u00ebrore, d\u00ebnohet me burgim nga gjasht\u00eb muaj deri n\u00eb kat\u00ebr vjet. Kur kjo vep\u00ebr kryhet n\u00eb bashk\u00ebpunim ose m\u00eb shum\u00eb se nj\u00eb her\u00eb apo ka sjell\u00eb pasoja t\u00eb r\u00ebnda, d\u00ebnohet me burgim nga gjasht\u00eb muaj deri n\u00eb pes\u00eb vjet. Kur falsifikimi b\u00ebhet nga personi q\u00eb ka p\u00ebr detyr\u00eb hartimin e tyre, d\u00ebnohet me burgim nga tre deri n\u00eb shtat\u00eb vjet\u201d<\/em>, shkruhet n\u00eb dosje.<\/p>\n<p>P\u00ebr ish-ministrin e Sh\u00ebndet\u00ebsis\u00eb \u00ebsht\u00eb caktuar masa e \u201cdetyrim paraqitje\u201d dhe \u201cndalim i daljes jasht\u00eb vendit\u201d m\u00eb her\u00ebt, por Gjykata n\u00eb vendimin e saj shton se ai shfaq rrezikshm\u00ebri shoq\u00ebrore duke u bazuar te veprat penale q\u00eb ka kryer, dhe mund t\u2019i shmanget gjykimit.<\/p>\n<p><em>\u201cR\u00ebnd\u00ebsia e faktit\u201d dhe \u201csanksionit q\u00eb mund\u00eb t\u00eb caktohet\u201d parashikuar nga neni 229 i K.Pr.Penale p\u00ebr personin n\u00ebn hetim I.B. t\u00eb jet\u00eb m\u00eb madhe nga ajo e vler\u00ebsuar nga prokuroria. Masat e k\u00ebrkuara nga prokuroria p\u00ebr personin n\u00ebn hetim I.B. konkretisht \u201cNdalimi i daljes jasht\u00eb shtetit\u201d dhe \u201cDetyrim p\u00ebr t\u2019u paraqitur n\u00eb policin\u00eb gjyq\u00ebsore\u201d parashikuar nga nenet 233 dhe 234 i K.Pr.Penale, Gjykata i konsideron jo proporcionale n\u00eb raport me rrezikshm\u00ebrin\u00eb e theksuar t\u00eb faktit, pasojave q\u00eb kan\u00eb ardhur n\u00eb rastin konkret dhe m\u00ebnyr\u00ebs se si ka vepruar personi n\u00ebn hetim n\u00eb procedur\u00ebn e kon\u04abesionit. Roli, p\u00ebrgjegj\u00ebsia dhe intesitetit i shkeljeve t\u00eb kryera nga personi n\u00ebn hetim I.B. \u00ebsht\u00eb m\u00eb i madh se i personave n\u00ebn hetim K. R. dhe I.R. p\u00ebr t\u00eb cilat prokuroria ka k\u00ebrkuar mas\u00ebn e sigurimit \u201cArrest n\u00eb burg\u201d parashikuar nga neni 238 i K.Pr.Penale.\u00a0Rrezikshm\u00ebria e autorit lidhet me rrezikshm\u00ebrin\u00eb e vepr\u00ebs. N\u00eb rastin konkret, Gjykata mban parasysh faktin se vepra penale \u00ebsht\u00eb kryer n\u00eb rrethana r\u00ebnduese sikurse \u00ebsht\u00eb kryerja e vepr\u00ebs penale \u201cduke shp\u00ebrdoruar funksionin publik\u201d dhe e kryer n\u00eb \u201cbashk\u00ebpunim\u201d parashikuar nga neni 50 g\u00ebrma \u201cdh\u201d dhe \u201cgj\u201d t\u00eb Kodit Penal\u201d,<\/em>\u00a0thuhet n\u00eb vendimin e GJKKO.<\/p>\n<p>GJKKO thot\u00eb se Beqaj i ka shkaktuar nj\u00eb d\u00ebm kolosal buxhetit t\u00eb shtetit.<\/p>\n<p><em>\u201cPra, ekziston dyshimi i arsyesh\u00ebm se me dashje Ilir Beqaj\u201d i ka shkaktuar buxhetit t\u00eb shtetit nj\u00eb d\u00ebm n\u00eb vler\u00ebn 8 697 000 000 Lek\u00eb (9 657 000 000 \u2013 960 000 000). Kjo \u00ebsht\u00eb pasoja duke prezumuar q\u00eb vlera e kontrat\u00ebs do t\u00eb ishte aq sa \u00ebsht\u00eb njoftuar fillimisht n\u00eb fillim t\u00eb procedur\u00ebs, pasi gjat\u00eb zhvillimit t\u00eb procedur\u00ebs vlera e kontrat\u00ebs ndryshoj nga vlera totale n\u00eb shum\u00ebn 9, 657, 000, 000 (pa TVSH) n\u00eb nj\u00eb vler\u00eb indikative, ku nuk dihet se sa do t\u00eb jet\u00eb konsto e kon\u04abesionit n\u00eb p\u00ebrfundim t\u00eb afatit 10 vje\u00e7ar&#8221;.<\/em><\/p>\n<p>P\u00ebrpos d\u00ebmit financiar, kjo afer\u00eb lidhet direkt dhe me sh\u00ebndetin e pacient\u00ebve, gj\u00eb e cila shton rrezikshm\u00ebrin\u00eb e Beqajt.<\/p>\n<p><em>\u00a0\u201cN\u00eb rastin konkret kon\u04abesioni i \u00ebsht\u00eb dh\u00ebn\u00eb shoq\u00ebrive kon\u04abesionare, t\u00eb cilat pranojn\u00eb vet\u00eb se nuk kan\u00eb kapacitete njer\u00ebzore dhe profesionale p\u00ebr t\u00eb p\u00ebrmbushur Kontrat\u00ebn Kon\u04abesionare. Kjo shton rrezikshm\u00ebrin\u00eb e faktit dhe t\u00eb autorit n\u00eb rastin konkret. N\u00eb rastin konkret, Gjykata mban parasysh faktin se personi n\u00ebn hetim I.B. vijon q\u00eb t\u00eb ushtrojn\u00eb funksione publike dhe ekziston rreziku ai t\u00eb abuzoj me detyr\u00ebn sikurse n\u00eb m\u00ebnyr\u00eb t\u00eb \u201chapur dhe flagrante\u201d\u00a0 n\u00eb kund\u00ebrshtim me aktet ligjore dhe n\u00ebnligjore ka vepruar n\u00eb procedur\u00ebn e kon\u04abesionit. Kjo shton rrezikun e p\u00ebrs\u00ebritjes t\u00eb t\u00eb nj\u00ebjt\u00ebs vep\u00ebr penale\u201d.<\/em><\/p>\n<p>Kujtojm\u00eb se ish-zv.ministri i Sh\u00ebndet\u00ebsis\u00eb Klodian Rrjepaj, akuzohet p\u00ebr falsifikim dokumentesh dhe shp\u00ebrdorim detyre sa i takon koncesionit me vler\u00eb 100 mln Euro t\u00eb sterilizimit t\u00eb mjeteve kirurgjikale, hetimi p\u00ebr t\u00eb cilin nisi q\u00eb me krijimin e SPAK.<\/p>\n<p>I akuzuar p\u00ebr mashtrim dhe i v\u00ebn\u00eb n\u00eb pranga \u00ebsht\u00eb dhe Ilir Rrapaj, i cili zot\u00ebronte 40% t\u00eb aksioneve t\u00eb kompanis\u00eb q\u00eb fitoi tenderin p\u00ebr koncesionin.<\/p>\n<p>Nd\u00ebrkoh\u00eb, ish-ministri Ilir Beqaj p\u00ebr\u00a0her\u00eb t\u00eb par\u00eb p\u00ebr \u00e7\u00ebshtjen ka folur para hetuesve m\u00eb\u00a018 korrik t\u00eb 2022-it. Hetimet p\u00ebr \u201cSterilizimin\u201d nis\u00ebn n\u00eb dhjetor t\u00eb 2019-\u00ebs.<\/p>\n","protected":false},"excerpt":{"rendered":"<p>Detaje t\u00eb reja jan\u00eb zbardhur nga dosja e \u201cSterilizimit\u201d. Sipas Gjykat\u00ebs s\u00eb Posa\u00e7me (GJKKO), ish-ministri i Sh\u00ebndet\u00ebsis\u00eb\u00a0Ilir Beqaj\u00a0duhet t\u00eb merrte mas\u00eb m\u00eb t\u00eb r\u00ebnd\u00eb sigurie nga Prokuroria e Posa\u00e7me Kund\u00ebr Korrupsionit dhe Krimit t\u00eb Organizuar (SPAK), pasi theksojn\u00eb ka kryer m\u00eb shum\u00eb shkelje se\u00a0Klodian Rrjepaj\u00a0(ish-zv.ministri i Sh\u00ebndet\u00ebsis\u00eb) dhe Ilir Rrapaj (biznesmen). N\u00eb dosje thuhet se &hellip;<\/p>\n","protected":false},"author":4,"featured_media":55528,"comment_status":"closed","ping_status":"closed","sticky":false,"template":"","format":"standard","meta":{"footnotes":""},"categories":[37],"tags":[],"class_list":["post-64637","post","type-post","status-publish","format-standard","has-post-thumbnail","","category-politike"],"_links":{"self":[{"href":"https:\/\/rdnews.al\/index.php\/wp-json\/wp\/v2\/posts\/64637","targetHints":{"allow":["GET"]}}],"collection":[{"href":"https:\/\/rdnews.al\/index.php\/wp-json\/wp\/v2\/posts"}],"about":[{"href":"https:\/\/rdnews.al\/index.php\/wp-json\/wp\/v2\/types\/post"}],"author":[{"embeddable":true,"href":"https:\/\/rdnews.al\/index.php\/wp-json\/wp\/v2\/users\/4"}],"replies":[{"embeddable":true,"href":"https:\/\/rdnews.al\/index.php\/wp-json\/wp\/v2\/comments?post=64637"}],"version-history":[{"count":0,"href":"https:\/\/rdnews.al\/index.php\/wp-json\/wp\/v2\/posts\/64637\/revisions"}],"wp:featuredmedia":[{"embeddable":true,"href":"https:\/\/rdnews.al\/index.php\/wp-json\/wp\/v2\/media\/55528"}],"wp:attachment":[{"href":"https:\/\/rdnews.al\/index.php\/wp-json\/wp\/v2\/media?parent=64637"}],"wp:term":[{"taxonomy":"category","embeddable":true,"href":"https:\/\/rdnews.al\/index.php\/wp-json\/wp\/v2\/categories?post=64637"},{"taxonomy":"post_tag","embeddable":true,"href":"https:\/\/rdnews.al\/index.php\/wp-json\/wp\/v2\/tags?post=64637"}],"curies":[{"name":"wp","href":"https:\/\/api.w.org\/{rel}","templated":true}]}}