{"id":64657,"date":"2023-11-24T11:25:34","date_gmt":"2023-11-24T11:25:34","guid":{"rendered":"https:\/\/rdnews.al\/?p=64657"},"modified":"2023-11-24T11:26:25","modified_gmt":"2023-11-24T11:26:25","slug":"64657","status":"publish","type":"post","link":"https:\/\/rdnews.al\/index.php\/2023\/11\/24\/64657\/","title":{"rendered":"Berisha mban nj\u00eb minut\u00eb zi: Zef Deda ia kushtoi dhuntin\u00eb e tij t\u00eb v\u00ebrtetave t\u00eb m\u00ebdha t\u00eb artit dhe shoq\u00ebris\u00eb"},"content":{"rendered":"<p>Kryetari i PD, Sali Berisha, gjat\u00eb konferenc\u00ebs p\u00ebr shtyp mbajti 1 minut zi p\u00ebr ndarjen nga jeta t\u00eb artistit t\u00eb madh Zef Deda. Berisha tha se, Zef Deda ia kushtoi dhuntin\u00eb e tij n\u00eb \u00e7do koh\u00eb t\u00eb v\u00ebrtetave t\u00eb m\u00ebdha t\u00eb artit dhe shoq\u00ebris\u00eb.<\/p>\n<p>\u201cSot \u00ebsht\u00eb nj\u00eb dit\u00eb zie p\u00ebr artin, sken\u00ebn, Shkodr\u00ebn dhe artdash\u00ebsit e mbar\u00eb Shqip\u00ebris\u00eb, mbasi dielli per\u00ebndoi p\u00ebrgjithmon\u00eb p\u00ebr artistin e mir\u00ebnjohur, e talentuar, Zef Ded\u00ebn.<\/p>\n<p>Zef Deda ishte nj\u00eb artist q\u00eb t\u00eb gjith\u00eb dhuntin\u00eb e tij, ia kushtoi n\u00eb \u00e7do koh\u00eb t\u00eb v\u00ebrtetave t\u00eb m\u00ebdha t\u00eb artit dhe shoq\u00ebris\u00eb.<\/p>\n<p>Ai ndahet nga jeta para kohe, pra, duke pasur mund\u00ebsi p\u00ebr t\u00eb kapur maja t\u00eb tjera n\u00eb sken\u00eb dhe art. Por, mbetet i pavdeksh\u00ebm me trash\u00ebgimin\u00eb e tij t\u00eb shk\u00eblqyer q\u00eb l\u00eb.<\/p>\n<p>Ndaj dhe un\u00eb shpreh ngush\u00ebllimet m\u00eb t\u00eb ndjera familjes, t\u00eb af\u00ebrmve, komunitetit artistik dhe qytetar\u00ebve t\u00eb Shkodr\u00ebs dhe t\u00eb mbar\u00eb Shqip\u00ebris\u00eb p\u00ebr k\u00ebt\u00eb humbje t\u00eb madhe\u201d, tha Berisha.<\/p>\n","protected":false},"excerpt":{"rendered":"<p>Kryetari i PD, Sali Berisha, gjat\u00eb konferenc\u00ebs p\u00ebr shtyp mbajti 1 minut zi p\u00ebr ndarjen nga jeta t\u00eb artistit t\u00eb madh Zef Deda. Berisha tha se, Zef Deda ia kushtoi dhuntin\u00eb e tij n\u00eb \u00e7do koh\u00eb t\u00eb v\u00ebrtetave t\u00eb m\u00ebdha t\u00eb artit dhe shoq\u00ebris\u00eb. \u201cSot \u00ebsht\u00eb nj\u00eb dit\u00eb zie p\u00ebr artin, sken\u00ebn, Shkodr\u00ebn dhe artdash\u00ebsit &hellip;<\/p>\n","protected":false},"author":4,"featured_media":64658,"comment_status":"closed","ping_status":"closed","sticky":false,"template":"","format":"standard","meta":{"footnotes":""},"categories":[37],"tags":[],"class_list":["post-64657","post","type-post","status-publish","format-standard","has-post-thumbnail","","category-politike"],"_links":{"self":[{"href":"https:\/\/rdnews.al\/index.php\/wp-json\/wp\/v2\/posts\/64657","targetHints":{"allow":["GET"]}}],"collection":[{"href":"https:\/\/rdnews.al\/index.php\/wp-json\/wp\/v2\/posts"}],"about":[{"href":"https:\/\/rdnews.al\/index.php\/wp-json\/wp\/v2\/types\/post"}],"author":[{"embeddable":true,"href":"https:\/\/rdnews.al\/index.php\/wp-json\/wp\/v2\/users\/4"}],"replies":[{"embeddable":true,"href":"https:\/\/rdnews.al\/index.php\/wp-json\/wp\/v2\/comments?post=64657"}],"version-history":[{"count":0,"href":"https:\/\/rdnews.al\/index.php\/wp-json\/wp\/v2\/posts\/64657\/revisions"}],"wp:featuredmedia":[{"embeddable":true,"href":"https:\/\/rdnews.al\/index.php\/wp-json\/wp\/v2\/media\/64658"}],"wp:attachment":[{"href":"https:\/\/rdnews.al\/index.php\/wp-json\/wp\/v2\/media?parent=64657"}],"wp:term":[{"taxonomy":"category","embeddable":true,"href":"https:\/\/rdnews.al\/index.php\/wp-json\/wp\/v2\/categories?post=64657"},{"taxonomy":"post_tag","embeddable":true,"href":"https:\/\/rdnews.al\/index.php\/wp-json\/wp\/v2\/tags?post=64657"}],"curies":[{"name":"wp","href":"https:\/\/api.w.org\/{rel}","templated":true}]}}