{"id":64662,"date":"2023-11-24T11:36:53","date_gmt":"2023-11-24T11:36:53","guid":{"rendered":"https:\/\/rdnews.al\/?p=64662"},"modified":"2023-11-24T11:36:53","modified_gmt":"2023-11-24T11:36:53","slug":"berisha-publikon-dokumentet-si-e-vodhen-rama-dhe-bolino-token-e-falur-per-ndertimin-e-nje-gjimnazi","status":"publish","type":"post","link":"https:\/\/rdnews.al\/index.php\/2023\/11\/24\/berisha-publikon-dokumentet-si-e-vodhen-rama-dhe-bolino-token-e-falur-per-ndertimin-e-nje-gjimnazi\/","title":{"rendered":"Berisha publikon dokumentet: Si e vodh\u00ebn Rama dhe Bolino tok\u00ebn e falur p\u00ebr nd\u00ebrtimin e nj\u00eb gjimnazi"},"content":{"rendered":"<p>Kryetari i PD, Sali Berisha publikoi dokumenta t\u00eb reja se si e vodh\u00ebn Rama dhe Bolino tok\u00ebn e falur p\u00ebr nd\u00ebrtimin e nj\u00eb gjimnazi. Berisha tha n\u00eb konferenc\u00ebn p\u00ebr shtyp se, toka e caktuar p\u00ebr shkoll\u00eb, merret p\u00ebr pallat privat media.<br \/>\n\u201cSot, jam para jush p\u00ebr t\u00eb denoncuar vjedhjet nga Edi Rama dhe Bolino i tij, me firm\u00ebn e Edi Ram\u00ebs. Tre vendime t\u00eb K\u00ebshillit t\u00eb Ministrave, me em\u00ebr t\u00eb p\u00ebrve\u00e7\u00ebm, brenda shtat\u00eb muajsh, t\u00eb firmosur nga vet\u00eb Edi Rama, p\u00ebr t\u2019i rr\u00ebmbyer komunitetit, nga Rama dhe Bolino, t\u00eb 4900 met\u00ebr katror\u00eb tok\u00eb e l\u00ebn\u00eb, dhuruar p\u00ebr nd\u00ebrtimin e nj\u00eb gjimnazi.<br \/>\nSi\u00e7 e shihni, ky \u00ebsht\u00eb plani rregullues i Tiran\u00ebs. Familjet fisnike t\u00eb qytetit, kan\u00eb dhuruar nj\u00eb territor prej 5 mij\u00eb met\u00ebr katror\u00eb, n\u00eb m\u00ebnyr\u00eb q\u00eb komuniteti i k\u00ebsaj zone t\u00eb ket\u00eb gjimnazin e vet, p\u00ebr arsye se nj\u00eb zon\u00eb me 60 mij\u00eb banor\u00eb, nuk kishte nj\u00eb t\u00eb till\u00eb.<br \/>\nSot, do paraqesim me fakte se si Edi Rama keqp\u00ebrdor pozit\u00ebn e tij zyrtare p\u00ebr t\u00eb grabitur troje dhe nd\u00ebrtesa n\u00eb Tiran\u00eb dhe SKAP-i i mercenar\u00ebve t\u00eb tij, q\u00ebndron mburoj\u00eb e k\u00ebsaj vjedhje, e k\u00ebtij krimi shtet\u00ebror.<br \/>\nEdi Rama me larot e tij n\u00eb SKAP dhe gjykat\u00ebn e tij speciale, sulmon Berish\u00ebn pse miratoi ligje p\u00ebr kthimin dhe kompensimin e pronave, t\u00eb cil\u00ebt shteti komunist ua kishte grabitur pronar\u00ebve t\u00eb ligjsh\u00ebm.<br \/>\nNd\u00ebrsa reformat e PD b\u00ebn\u00eb t\u00eb mundur q\u00eb gjat\u00eb viteve 2006-2012, AKKP t\u00eb kthej\u00eb apo t\u00eb kompensoj\u00eb 1 miliard e 577 milion\u00eb met\u00ebr katror\u00eb tok\u00eb te pronar\u00ebt e ligjsh\u00ebm, Edi Rama dhe larot e tij t\u00eb SKAP-it me gjykat\u00ebn e partis\u00eb, pretendojn\u00eb se ato reforma jan\u00eb kryer p\u00ebr t\u00eb favorizuar Jamarb\u00ebr Malltezin, t\u00eb cilin n\u00eb p\u00ebrputhje t\u00eb plot\u00eb me ligjin, iu kthyen gjithsej 410 met\u00ebr katror\u00eb nga prona e t\u00eb par\u00ebve t\u00eb tij, themelues t\u00eb qytetit t\u00eb Tiran\u00ebs.<br \/>\nN\u00eb t\u00ebr\u00eb k\u00ebt\u00eb piramid\u00eb mashtrimi t\u00eb ngritur nga Edi Rama dhe larot e tij mbi privatizimin e klubit Partizani, Sali berisha nuk ka nxjerr\u00eb asnj\u00eb vendim me em\u00ebr t\u00eb p\u00ebrve\u00e7\u00ebm, nd\u00ebrsa Edi Rama ka dhjet\u00ebra t\u00eb tilla, por natyrisht ka SKAP-in e partis\u00eb si mburoj\u00eb, q\u00eb heton me urdh\u00ebr vet\u00ebm me politik\u00eb pronar\u00eb dhe ish-pronar\u00eb q\u00eb kan\u00eb marr\u00eb 410 met\u00ebr tok\u00eb n\u00eb p\u00ebrputhje t\u00eb plot\u00eb me ligjin, t\u00eb grabitura 60 vite m\u00eb par\u00eb nga regjimi komunist.<br \/>\nK\u00ebtu keni tre vendime n\u00eb nj\u00eb hark kohor prej shtat\u00eb muajsh, me t\u00eb cil\u00ebn ka ndodhur nj\u00eb nga vjedhjet m\u00eb spektakolare, m\u00eb kriminale, me firm\u00eb t\u00eb Edi Ram\u00ebs, t\u00eb tok\u00ebs truall t\u00eb dhuruar p\u00ebr gjimnaz, n\u00eb mes t\u00eb Tiran\u00ebs.<br \/>\nMe k\u00ebto vendime u vodh\u00ebn 4900 met\u00ebr katror\u00eb tok\u00eb. Me VKM me num\u00ebr 644, dat\u00eb 2.10.2019, Edi Rama i dhuron vetes dhe Bolinos s\u00eb tij 4020 met\u00ebr katror\u00eb tok\u00eb dhe mbi 1600 met\u00ebr katror\u00eb nd\u00ebrtes\u00eb p\u00ebr 1 euro, p\u00ebr 20 vjet.<br \/>\nE caktuar p\u00ebr shkoll\u00eb, merret p\u00ebr pallat privat media.<br \/>\nMe VKM-n\u00eb e dyt\u00eb, num\u00ebr 157, dat\u00eb 19.2.2020, kat\u00ebr muaj m\u00eb von\u00eb, pasi oreksi i Ram\u00ebs dhe Karlos s\u00eb tij vijn\u00eb duke ngr\u00ebn\u00eb, vendosin t\u00eb grabisin edhe nj\u00eb sip\u00ebrfaqe shtes\u00eb prej 870 met\u00ebr katror\u00eb tok\u00eb, po me 1 euro. Dhe Edi Rama me firm\u00ebn e tij amendon, shton n\u00eb kontrat\u00eb edhe 860 met\u00ebr katror\u00eb tok\u00eb.<br \/>\nPor tre muaj m\u00eb von\u00eb, p\u00ebrs\u00ebri Edi Rama p\u00ebrdor firm\u00ebn n\u00eb m\u00ebnyr\u00ebn m\u00eb abuzive, m\u00eb korruptive, dhe me vendimin e tret\u00eb t\u00eb K\u00ebshillit t\u00eb Ministrave t\u00eb dat\u00ebs 6.5.2020, Edi Rama mbledh qeverin\u00eb p\u00ebr t\u00eb prishur tre nd\u00ebrtesat q\u00eb ia kishte dh\u00ebn\u00eb me qira vetes dhe Bolinos s\u00eb tij.<br \/>\nPra, fillimisht u dhan\u00eb me 1 euro, tani duhej t\u00eb prisheshin. Nuk shpenzonin asnj\u00eb qindark\u00eb, duhej t\u2019ua prishte shteti. Kjo b\u00ebhet q\u00eb t\u00eb pastrohet toka, por edhe p\u00ebr m\u00eb shum\u00eb.<br \/>\nKjo b\u00ebhet q\u00eb investimet Rama-Bolino t\u00eb tejkalojn\u00eb n\u00eb vler\u00eb, vler\u00ebn e tok\u00ebs dhe t\u00eb b\u00ebhen de facto n\u00eb vitet n\u00eb vazhdim, pron\u00eb e tyre. T\u00eb b\u00ebhet pron\u00eb e tyre edhe toka\u201d, u shpreh Berisha.<\/p>\n","protected":false},"excerpt":{"rendered":"<p>Kryetari i PD, Sali Berisha publikoi dokumenta t\u00eb reja se si e vodh\u00ebn Rama dhe Bolino tok\u00ebn e falur p\u00ebr nd\u00ebrtimin e nj\u00eb gjimnazi. Berisha tha n\u00eb konferenc\u00ebn p\u00ebr shtyp se, toka e caktuar p\u00ebr shkoll\u00eb, merret p\u00ebr pallat privat media. \u201cSot, jam para jush p\u00ebr t\u00eb denoncuar vjedhjet nga Edi Rama dhe Bolino i &hellip;<\/p>\n","protected":false},"author":4,"featured_media":64663,"comment_status":"closed","ping_status":"closed","sticky":false,"template":"","format":"standard","meta":{"footnotes":""},"categories":[37],"tags":[],"class_list":["post-64662","post","type-post","status-publish","format-standard","has-post-thumbnail","","category-politike"],"_links":{"self":[{"href":"https:\/\/rdnews.al\/index.php\/wp-json\/wp\/v2\/posts\/64662","targetHints":{"allow":["GET"]}}],"collection":[{"href":"https:\/\/rdnews.al\/index.php\/wp-json\/wp\/v2\/posts"}],"about":[{"href":"https:\/\/rdnews.al\/index.php\/wp-json\/wp\/v2\/types\/post"}],"author":[{"embeddable":true,"href":"https:\/\/rdnews.al\/index.php\/wp-json\/wp\/v2\/users\/4"}],"replies":[{"embeddable":true,"href":"https:\/\/rdnews.al\/index.php\/wp-json\/wp\/v2\/comments?post=64662"}],"version-history":[{"count":0,"href":"https:\/\/rdnews.al\/index.php\/wp-json\/wp\/v2\/posts\/64662\/revisions"}],"wp:featuredmedia":[{"embeddable":true,"href":"https:\/\/rdnews.al\/index.php\/wp-json\/wp\/v2\/media\/64663"}],"wp:attachment":[{"href":"https:\/\/rdnews.al\/index.php\/wp-json\/wp\/v2\/media?parent=64662"}],"wp:term":[{"taxonomy":"category","embeddable":true,"href":"https:\/\/rdnews.al\/index.php\/wp-json\/wp\/v2\/categories?post=64662"},{"taxonomy":"post_tag","embeddable":true,"href":"https:\/\/rdnews.al\/index.php\/wp-json\/wp\/v2\/tags?post=64662"}],"curies":[{"name":"wp","href":"https:\/\/api.w.org\/{rel}","templated":true}]}}