{"id":64750,"date":"2023-11-25T10:23:08","date_gmt":"2023-11-25T10:23:08","guid":{"rendered":"https:\/\/rdnews.al\/?p=64750"},"modified":"2023-11-25T10:23:32","modified_gmt":"2023-11-25T10:23:32","slug":"pd-rama-po-ndryshon-ligjin-per-zonat-e-mbrojtura-per-ti-mbushur-me-investime-strategjike","status":"publish","type":"post","link":"https:\/\/rdnews.al\/index.php\/2023\/11\/25\/pd-rama-po-ndryshon-ligjin-per-zonat-e-mbrojtura-per-ti-mbushur-me-investime-strategjike\/","title":{"rendered":"PD: Rama po ndryshon ligjin p\u00ebr zonat e mbrojtura p\u00ebr t\u2019i mbushur me \u201cinvestime strategjike\u201d"},"content":{"rendered":"<p><strong>DEKLARATA E DEPUTETES S\u00cb PD, INA ZHUPA<\/strong><\/p>\n<p>Qeveria dhe Parlamenti putinian, nd\u00ebrkoh\u00eb q\u00eb kalojn\u00eb buxhetin e vjedhjes s\u00eb taksave t\u00eb shqiptar\u00ebve, ushqejn\u00eb, ve\u00e7 oreksit t\u00eb tyre edhe at\u00eb t\u00eb oligark\u00ebve. Kan\u00eb vendosur t\u2019ju ofrojn\u00eb m\u00eb t\u00eb pasurve dhe t\u00eb fuqishm\u00ebve, edhe copat e fundit t\u00eb territorit shqiptar, zonat e mbrojtura, q\u00eb ata t\u2019i shfryt\u00ebzojn\u00eb p\u00ebr resorte dhe fitime t\u00eb reja.<\/p>\n<p>12 deputet\u00eb t\u00eb Partis\u00eb Socialiste k\u00ebrkojn\u00eb ndryshimin e ligjit \u2018P\u00ebr zonat e mbrojtura\u2019, me q\u00ebllim hapjen rrug\u00eb t\u00eb investimeve n\u00eb ato territore, aktualisht t\u00eb ndaluara. P\u00ebrmes nj\u00eb projektligji t\u00eb depozituar n\u00eb Kuvend me dat\u00eb 20 n\u00ebntor, duhen t\u00eb kthejn\u00eb zonat e mbrojtura, n\u00eb zona t\u00eb pambrojtura, sipas preferencave t\u00eb pushtetit.<\/p>\n<p>N\u00eb nenin 42 b\u00ebhen ndryshimet:<\/p>\n<p>1. N\u00eb shkronj\u00ebn \u2018p\u2019 t\u00eb pik\u00ebs 3, pas fjal\u00ebve\u2019 \u2018veprimtari tradicionale\u2019 shtohen fjal\u00ebt \u2018dhe ekonomike\u2019.<\/p>\n<p>Ligji aktual e ndalon \u00e7do lloj nd\u00ebrtimi dhe veprimtarie ekonomike p\u00ebr shkak t\u00eb d\u00ebmeve t\u00eb pakthyeshme q\u00eb sjellin n\u00eb mjedis dhe r\u00ebnd\u00ebsis\u00eb q\u00eb ka flora dhe fauna n\u00eb k\u00ebto zona.<\/p>\n<p>Ky synim t\u2019i hapet rrug\u00eb investimeve brenda zonave t\u00eb mbrojtura, ka nisur me dy VKM t\u00eb janarit 2022, ku qeveria hoqi mij\u00ebra hektar\u00eb nga zonat e mbrojtura, duke i reduktuar ato me 20% t\u00eb sip\u00ebrfaqes q\u00eb kishin.<\/p>\n<p>Tashm\u00eb kjo \u00e7\u00ebshtje \u00ebsht\u00eb n\u00eb gjykat\u00eb, teksa organizatat e ndryshme kan\u00eb argumentuar se \u2018vendimet synojn\u00eb t\u00eb ligj\u00ebrojn\u00eb shkat\u00ebrrimin e zonave t\u00eb mbrojtura bregdetare dhe ligatinore t\u00eb Shqip\u00ebris\u00eb, duke prekur Liqenin e Shkodr\u00ebs, ekosistemin Bun\u00eb-Velipoj\u00eb, ligatinat Kune-Vain, Tale dhe Patok, Parqet Komb\u00ebtare t\u00eb Divjak\u00eb-Karavastas\u00eb dhe t\u00eb Butrintit, si dhe zonat Vjos\u00eb-Nart\u00eb e Pish\u00eb-Poro\u2019. Por qeveria nuk ndalet as t\u00eb pres vendimin e gjykat\u00ebs, por vazhdon me plane shkat\u00ebrrimtare.<\/p>\n<p>Ky ndryshim ligjor nuk \u00ebsht\u00eb gj\u00eb tjet\u00ebr ve\u00e7se garantimi i mbrojtjes ligjore p\u00ebr nd\u00ebrtimet e paligjshme q\u00eb jan\u00eb b\u00ebr\u00eb deri tani n\u00eb syt\u00eb e qeveris\u00eb n\u00eb zonat e mbrojtura, si\u00e7 \u00ebsht\u00eb i denoncuar nga Fiks Fare ky solli pamje t\u00eb 36 nd\u00ebrtimeve pa leje t\u00eb b\u00ebra n\u00eb zon\u00ebn e mbrojtur t\u00eb Liqenit t\u00eb Shkodr\u00ebs. Sip\u00ebrfaqja e d\u00ebmtuar \u00ebsht\u00eb me mij\u00ebra metra katror.<\/p>\n<p>Ky projektligj \u00ebsht\u00eb hapi i fundit q\u00eb zona si Syri i Kalt\u00ebr t\u00eb p\u00ebrdoren p\u00ebr tubacione ujore p\u00ebr vendet fqinje, q\u00eb zona si Vjosa-Narta t\u00eb legjitimohen p\u00ebr nd\u00ebrtime dhe infrastruktur\u00eb, q\u00eb zonat si Butrinti, Velipoja dhe Shkodra t\u00eb mbushen me resorte me emrin \u2018investime strategjike\u2019. Ky \u00ebsht\u00eb p\u00ebrfundimisht shkat\u00ebrrimi i k\u00ebtyre zonave.<\/p>\n<p>Ju b\u00ebj thirrje 12 koleg\u00ebve, q\u00eb ndoshta nuk e din\u00eb se \u00e7\u2019kan\u00eb firmosur, t\u00eb t\u00ebrhiqen nga kjo nism\u00eb dhe mos b\u00ebhen vegla pas t\u00eb cilave fshihen premtimet e Ram\u00ebs p\u00ebr qoka komb\u00ebtare dhe nd\u00ebrkomb\u00ebtare. N\u00eb prag t\u00eb festave komb\u00ebtare le t\u2019i th\u00ebrrasin nd\u00ebrgjegjes atdhetare mbi at\u00eb partiake t\u00eb interesave t\u00eb shefit t\u00eb tyre.<\/p>\n","protected":false},"excerpt":{"rendered":"<p>DEKLARATA E DEPUTETES S\u00cb PD, INA ZHUPA Qeveria dhe Parlamenti putinian, nd\u00ebrkoh\u00eb q\u00eb kalojn\u00eb buxhetin e vjedhjes s\u00eb taksave t\u00eb shqiptar\u00ebve, ushqejn\u00eb, ve\u00e7 oreksit t\u00eb tyre edhe at\u00eb t\u00eb oligark\u00ebve. Kan\u00eb vendosur t\u2019ju ofrojn\u00eb m\u00eb t\u00eb pasurve dhe t\u00eb fuqishm\u00ebve, edhe copat e fundit t\u00eb territorit shqiptar, zonat e mbrojtura, q\u00eb ata t\u2019i shfryt\u00ebzojn\u00eb p\u00ebr &hellip;<\/p>\n","protected":false},"author":4,"featured_media":64751,"comment_status":"closed","ping_status":"closed","sticky":false,"template":"","format":"standard","meta":{"footnotes":""},"categories":[37],"tags":[],"class_list":["post-64750","post","type-post","status-publish","format-standard","has-post-thumbnail","","category-politike"],"_links":{"self":[{"href":"https:\/\/rdnews.al\/index.php\/wp-json\/wp\/v2\/posts\/64750","targetHints":{"allow":["GET"]}}],"collection":[{"href":"https:\/\/rdnews.al\/index.php\/wp-json\/wp\/v2\/posts"}],"about":[{"href":"https:\/\/rdnews.al\/index.php\/wp-json\/wp\/v2\/types\/post"}],"author":[{"embeddable":true,"href":"https:\/\/rdnews.al\/index.php\/wp-json\/wp\/v2\/users\/4"}],"replies":[{"embeddable":true,"href":"https:\/\/rdnews.al\/index.php\/wp-json\/wp\/v2\/comments?post=64750"}],"version-history":[{"count":0,"href":"https:\/\/rdnews.al\/index.php\/wp-json\/wp\/v2\/posts\/64750\/revisions"}],"wp:featuredmedia":[{"embeddable":true,"href":"https:\/\/rdnews.al\/index.php\/wp-json\/wp\/v2\/media\/64751"}],"wp:attachment":[{"href":"https:\/\/rdnews.al\/index.php\/wp-json\/wp\/v2\/media?parent=64750"}],"wp:term":[{"taxonomy":"category","embeddable":true,"href":"https:\/\/rdnews.al\/index.php\/wp-json\/wp\/v2\/categories?post=64750"},{"taxonomy":"post_tag","embeddable":true,"href":"https:\/\/rdnews.al\/index.php\/wp-json\/wp\/v2\/tags?post=64750"}],"curies":[{"name":"wp","href":"https:\/\/api.w.org\/{rel}","templated":true}]}}