{"id":64772,"date":"2023-11-25T11:06:41","date_gmt":"2023-11-25T11:06:41","guid":{"rendered":"https:\/\/rdnews.al\/?p=64772"},"modified":"2023-11-25T11:09:54","modified_gmt":"2023-11-25T11:09:54","slug":"zbulohet-skandali-banda-e-bajrave-shkarkoi-ne-vetting-prokurorin","status":"publish","type":"post","link":"https:\/\/rdnews.al\/index.php\/2023\/11\/25\/zbulohet-skandali-banda-e-bajrave-shkarkoi-ne-vetting-prokurorin\/","title":{"rendered":"Zbulohet skandali! Banda e Bajrave shkarkoi n\u00eb Vetting prokurorin\u2026"},"content":{"rendered":"<p>Prokurori Anton Martini u shkarkua nga vetingu p\u00ebr shkak t\u00eb nd\u00ebrhyrjes nga banda e Bajr\u00ebve. Kjo deklarat\u00eb e fort\u00eb u b\u00eb n\u00eb emisionin \u2018Breaking\u2019 n\u00eb Top News nga dy ekspert\u00eb.<\/p>\n<p>Fillimisht ishte avokati Arben Llangozi, q\u00eb tha se Martini u shkarkua nga vetingu pse hetoi Bajr\u00ebt.<\/p>\n<p><em>\u201cA e dini ju q\u00eb prokurori Anton Martini \u00ebsht\u00eb shkarkuar nga vetingu, nga grupi kriminal i Bajrave? Kemi p\u00ebrgjime n\u00eb dosjen Metamorfoza 1, q\u00eb drejtuesja e vetingut n\u00eb at\u00eb koh\u00eb ka komunikuar me grupin kriminal dhe ka shkarkuar nj\u00eb prokuror.<\/em><\/p>\n<p><em>K\u00ebto ngjarje duhen publikuar dhe duhen hetuar. Po pse nuk hetohet ky rast? At\u00ebher\u00eb dihen edhe lidhjet e vetingut me qeverin\u00eb.<\/em><\/p>\n<p><em>T\u00eb arrij\u00eb nj\u00eb grup kriminal t\u00eb shkarkoj\u00eb nj\u00eb prokuror, q\u00eb ka qen\u00eb nj\u00eb nga prokuror\u00ebt m\u00eb shembull, vet\u00ebm pse ka ndikuar nj\u00eb grup kriminal, ndodhet n\u00eb mes t\u00eb kat\u00ebr rrug\u00ebve.<\/em><\/p>\n<p><em>K\u00ebto jan\u00eb t\u00eb r\u00ebnda, q\u00eb shteti jon\u00eb, drejt\u00ebsia jon\u00eb \u00ebsht\u00eb e kapur nga krimi i organizuar. Kjo \u00ebsht\u00eb p\u00ebr t\u00eb ardhur keq,\u201d\u00a0<\/em>tha Llangozi.<\/p>\n<p>Deklarata e tij u mb\u00ebshtet edhe nga ish-drejtuesi i Policis\u00eb s\u00eb Shtetit, Shemsi Pren\u00e7i.<\/p>\n<p><em>\u201cT\u00eb mendosh q\u00eb sot Shqip\u00ebria ka kriz\u00eb prokuror\u00ebsh dhe t\u00eb kesh jasht\u00eb loje ish-prokuror\u00eb si Anton Martini, \u00ebsht\u00eb e tmerrshme.<\/em><\/p>\n<p><em>Imagjino t\u00eb ta b\u00ebj\u00eb gjyqin nj\u00eb punonj\u00ebse drejt\u00ebsie, e cila ka qen\u00eb veg\u00ebl e Bajr\u00ebve? Si ai prokurori q\u00eb merrte 100 mij\u00eb e 200 mij\u00eb.<\/em><\/p>\n<p><em>Duhet t\u00eb shkoj\u00eb n\u00eb burg, por ne nuk i b\u00ebjm\u00eb dot avokatin\u00eb. Nj\u00eb punonj\u00ebs q\u00eb \u00ebsht\u00eb sot n\u00eb polici, prokurori, organet e veti<\/em><em>ngut, ai e d\u00ebmton shum\u00eb shtetin\u201d<\/em><em>, <\/em>tha Pren\u00e7i.<\/p>\n<p><img loading=\"lazy\" decoding=\"async\" class=\"alignnone size-medium wp-image-64774\" src=\"https:\/\/rdnews.al\/wp-content\/uploads\/2023\/11\/martini-300x216.jpg\" alt=\"\" width=\"300\" height=\"216\" srcset=\"https:\/\/rdnews.al\/wp-content\/uploads\/2023\/11\/martini-300x216.jpg 300w, https:\/\/rdnews.al\/wp-content\/uploads\/2023\/11\/martini-768x554.jpg 768w, https:\/\/rdnews.al\/wp-content\/uploads\/2023\/11\/martini.jpg 900w\" sizes=\"auto, (max-width: 300px) 100vw, 300px\" \/><\/p>\n","protected":false},"excerpt":{"rendered":"<p>Prokurori Anton Martini u shkarkua nga vetingu p\u00ebr shkak t\u00eb nd\u00ebrhyrjes nga banda e Bajr\u00ebve. Kjo deklarat\u00eb e fort\u00eb u b\u00eb n\u00eb emisionin \u2018Breaking\u2019 n\u00eb Top News nga dy ekspert\u00eb. Fillimisht ishte avokati Arben Llangozi, q\u00eb tha se Martini u shkarkua nga vetingu pse hetoi Bajr\u00ebt. \u201cA e dini ju q\u00eb prokurori Anton Martini \u00ebsht\u00eb &hellip;<\/p>\n","protected":false},"author":4,"featured_media":64777,"comment_status":"closed","ping_status":"closed","sticky":false,"template":"","format":"standard","meta":{"footnotes":""},"categories":[37],"tags":[],"class_list":["post-64772","post","type-post","status-publish","format-standard","has-post-thumbnail","","category-politike"],"_links":{"self":[{"href":"https:\/\/rdnews.al\/index.php\/wp-json\/wp\/v2\/posts\/64772","targetHints":{"allow":["GET"]}}],"collection":[{"href":"https:\/\/rdnews.al\/index.php\/wp-json\/wp\/v2\/posts"}],"about":[{"href":"https:\/\/rdnews.al\/index.php\/wp-json\/wp\/v2\/types\/post"}],"author":[{"embeddable":true,"href":"https:\/\/rdnews.al\/index.php\/wp-json\/wp\/v2\/users\/4"}],"replies":[{"embeddable":true,"href":"https:\/\/rdnews.al\/index.php\/wp-json\/wp\/v2\/comments?post=64772"}],"version-history":[{"count":0,"href":"https:\/\/rdnews.al\/index.php\/wp-json\/wp\/v2\/posts\/64772\/revisions"}],"wp:featuredmedia":[{"embeddable":true,"href":"https:\/\/rdnews.al\/index.php\/wp-json\/wp\/v2\/media\/64777"}],"wp:attachment":[{"href":"https:\/\/rdnews.al\/index.php\/wp-json\/wp\/v2\/media?parent=64772"}],"wp:term":[{"taxonomy":"category","embeddable":true,"href":"https:\/\/rdnews.al\/index.php\/wp-json\/wp\/v2\/categories?post=64772"},{"taxonomy":"post_tag","embeddable":true,"href":"https:\/\/rdnews.al\/index.php\/wp-json\/wp\/v2\/tags?post=64772"}],"curies":[{"name":"wp","href":"https:\/\/api.w.org\/{rel}","templated":true}]}}