{"id":64797,"date":"2023-11-25T17:08:13","date_gmt":"2023-11-25T17:08:13","guid":{"rendered":"https:\/\/rdnews.al\/?p=64797"},"modified":"2023-11-25T17:08:13","modified_gmt":"2023-11-25T17:08:13","slug":"bllokohen-disa-akse-rrugore-nga-bora-ne-veri","status":"publish","type":"post","link":"https:\/\/rdnews.al\/index.php\/2023\/11\/25\/bllokohen-disa-akse-rrugore-nga-bora-ne-veri\/","title":{"rendered":"Bllokohen disa akse rrugore nga bora n\u00eb veri"},"content":{"rendered":"<p>Disa akse rrugore jan\u00eb bllokuar n\u00eb veri si pasoj\u00eb e reshjeve t\u00eb d\u00ebbor\u00ebs. Rruga Kuk\u00ebs-Peshkopi \u00ebsht\u00eb e bllokuar p\u00ebr qarkullimin e mjeteve.<\/p>\n<p>Mungesa e pastrimit dhe mir\u00ebmbajtjes ka b\u00ebr\u00eb q\u00eb t\u00eb mos b\u00ebhet e mundur kalimi i mjeteve n\u00eb k\u00ebt\u00eb aks rrugor.<\/p>\n<p>Reshjet e dendura t\u00eb d\u00ebbor\u00ebs q\u00eb vazhdojn\u00eb t\u00eb bien n\u00eb qarkun e Dibr\u00ebs disa akse rrugore jan\u00eb b\u00ebr\u00eb t\u00eb pakalueshme, dhe konkretisht : aksi rrugor Peshkopi-Maqellar\u00eb- Bulqiz\u00eb: Bulqiz\u00eb-Ura e Vash\u00ebs-Qaf\u00eb Murriz\u00eb.<\/p>\n<p>Policia ka b\u00ebr\u00eb me dije se si pasoj\u00eb e reshjeve t\u00eb d\u00ebbor\u00ebs q\u00eb vijojn\u00eb t\u00eb bien n\u00eb rrug\u00ebn e Arb\u00ebrit dhe n\u00eb Mal\u00ebsin\u00eb e Kruj\u00ebs, jan\u00eb bllokuar disa akse rrugore n\u00eb k\u00ebt\u00eb zon\u00eb.<\/p>\n<p>Akset t\u00eb cilat jan\u00eb bllokuar jan\u00eb Rruga e Arb\u00ebrit, rruga Cudhi Kamp-Qafshtam\u00eb, dhe aksi Bruz\u00eb Mal-Shkret\u00eb.<\/p>\n<p><em>\u201cSi pasoj\u00eb e reshjeve t\u00eb d\u00ebbor\u00ebs q\u00eb vijojn\u00eb t\u00eb bien n\u00eb Rrug\u00ebn e Arb\u00ebrit dhe n\u00eb mal\u00ebsin\u00eb e Kruj\u00ebs, jan\u00eb bllokuar akset rrugore: Rruga e Arb\u00ebrit, Cudhi Kamp-Qafshtam\u00eb, dhe Bruz\u00eb Mal-Shkret\u00eb. Sh\u00ebrbimet e DVP Tiran\u00eb jan\u00eb n\u00eb gadishm\u00ebri t\u00eb plot\u00eb p\u00ebr t\u2019i ardhur n\u00eb ndihm\u00eb \u00e7do p\u00ebrdoruesi rruge dhe apelon p\u00ebr drejtuesit e mjeteve q\u00eb t\u00eb mos qarkullojn\u00eb pa goma dim\u00ebrore dhe zinxhir\u00eb, n\u00eb k\u00ebto zona, si dhe t\u00eb shmangin l\u00ebvizjet e panevojshme\u201d, thuhet n\u00eb njoftimin e policis\u00eb.<\/em><\/p>\n","protected":false},"excerpt":{"rendered":"<p>Disa akse rrugore jan\u00eb bllokuar n\u00eb veri si pasoj\u00eb e reshjeve t\u00eb d\u00ebbor\u00ebs. Rruga Kuk\u00ebs-Peshkopi \u00ebsht\u00eb e bllokuar p\u00ebr qarkullimin e mjeteve. Mungesa e pastrimit dhe mir\u00ebmbajtjes ka b\u00ebr\u00eb q\u00eb t\u00eb mos b\u00ebhet e mundur kalimi i mjeteve n\u00eb k\u00ebt\u00eb aks rrugor. Reshjet e dendura t\u00eb d\u00ebbor\u00ebs q\u00eb vazhdojn\u00eb t\u00eb bien n\u00eb qarkun e Dibr\u00ebs &hellip;<\/p>\n","protected":false},"author":4,"featured_media":64798,"comment_status":"closed","ping_status":"closed","sticky":false,"template":"","format":"standard","meta":{"footnotes":""},"categories":[46],"tags":[],"class_list":["post-64797","post","type-post","status-publish","format-standard","has-post-thumbnail","","category-ekonomi"],"_links":{"self":[{"href":"https:\/\/rdnews.al\/index.php\/wp-json\/wp\/v2\/posts\/64797","targetHints":{"allow":["GET"]}}],"collection":[{"href":"https:\/\/rdnews.al\/index.php\/wp-json\/wp\/v2\/posts"}],"about":[{"href":"https:\/\/rdnews.al\/index.php\/wp-json\/wp\/v2\/types\/post"}],"author":[{"embeddable":true,"href":"https:\/\/rdnews.al\/index.php\/wp-json\/wp\/v2\/users\/4"}],"replies":[{"embeddable":true,"href":"https:\/\/rdnews.al\/index.php\/wp-json\/wp\/v2\/comments?post=64797"}],"version-history":[{"count":0,"href":"https:\/\/rdnews.al\/index.php\/wp-json\/wp\/v2\/posts\/64797\/revisions"}],"wp:featuredmedia":[{"embeddable":true,"href":"https:\/\/rdnews.al\/index.php\/wp-json\/wp\/v2\/media\/64798"}],"wp:attachment":[{"href":"https:\/\/rdnews.al\/index.php\/wp-json\/wp\/v2\/media?parent=64797"}],"wp:term":[{"taxonomy":"category","embeddable":true,"href":"https:\/\/rdnews.al\/index.php\/wp-json\/wp\/v2\/categories?post=64797"},{"taxonomy":"post_tag","embeddable":true,"href":"https:\/\/rdnews.al\/index.php\/wp-json\/wp\/v2\/tags?post=64797"}],"curies":[{"name":"wp","href":"https:\/\/api.w.org\/{rel}","templated":true}]}}