{"id":64803,"date":"2023-11-25T17:18:56","date_gmt":"2023-11-25T17:18:56","guid":{"rendered":"https:\/\/rdnews.al\/?p=64803"},"modified":"2023-11-25T17:18:56","modified_gmt":"2023-11-25T17:18:56","slug":"berisha-ne-lezhe-kurre-nuk-kemi-pasur-perballe-nje-armik-me-te-eger-se-rama","status":"publish","type":"post","link":"https:\/\/rdnews.al\/index.php\/2023\/11\/25\/berisha-ne-lezhe-kurre-nuk-kemi-pasur-perballe-nje-armik-me-te-eger-se-rama\/","title":{"rendered":"Berisha n\u00eb Lezh\u00eb: Kurr\u00eb nuk kemi pasur p\u00ebrball\u00eb nj\u00eb armik m\u00eb t\u00eb eg\u00ebr se Rama!"},"content":{"rendered":"<p>Kryetari i PD, Sali Berisha ka zhvilluar nj\u00eb takim me an\u00ebtar\u00eb dhe simpatizant\u00eb n\u00eb Lezh\u00eb, \u00ebsht\u00eb shprehur se, demokrat\u00ebt nuk kan\u00eb pasur kurr\u00eb p\u00ebrball\u00eb tyre, nj\u00eb armik m\u00eb t\u00eb eg\u00ebr se Edi Rama.<\/p>\n<p>Berisha deklaroi se, Rama shprehet se \u2018ju se nuk jeni demokrat\u00eb, nj\u00eblloj si nazist\u00ebt q\u00eb u hiqnin emrat hebrenjve dhe u jepnin nj\u00eb num\u00ebr. Dhe do t\u2019u thot\u00eb se nuk jeni demokrat\u00eb, por ju jeni Lulzim. Se un\u00eb Brav\u00ebn e kam n\u00eb xhep\u2019.<\/p>\n<p>&#8220;Vij sot n\u00eb k\u00ebt\u00eb takim n\u00eb nj\u00eb moment kritik t\u00eb ekzistenc\u00ebs t\u00eb demokracis\u00eb shqiptare, n\u00eb nj\u00eb moment kritik t\u00eb ekzistenc\u00ebs s\u00eb opozit\u00ebs shqiptare, por n\u00eb nj\u00eb moment vendimtar t\u00eb misionit t\u00eb saj, t\u00eb shp\u00ebtimit t\u00eb demokracis\u00eb shqiptare dhe t\u00eb Shqip\u00ebris\u00eb.<\/p>\n<p>K\u00ebtu kam marr\u00eb nj\u00eb fjalim t\u00eb shkruar, por un\u00eb do flas me ju me fjal\u00ebt e zemr\u00ebs dhe jo t\u00eb letr\u00ebs.<\/p>\n<p>Kemi 10 vite t\u00eb pamerituara, nuk themi me k\u00ebt\u00eb se nuk e merituam t\u00eb dalim n\u00eb opozit\u00eb, jo. Qeveris\u00ebm 8 vite, sovrani mendoi se ne duhet t\u00eb kalojm\u00eb n\u00eb opozit\u00eb.<\/p>\n<p>E nderuam vendimin e sovranit dhe u angazhuam n\u00eb p\u00ebrputhje me idealet tona si nj\u00eb pushtet moral i vendit p\u00ebr t\u00eb b\u00ebr\u00eb nj\u00eb opozit\u00eb.<\/p>\n<p>Dor\u00ebzuam pushtetin, n\u00eb disa aspekte me arritje epokale. N\u00eb kuptimin q\u00eb nga qytetar\u00ebt m\u00eb fukarenj, m\u00eb t\u00eb varf\u00ebr t\u00eb Ballkanit, nga kombi n\u00eb grupin e kombeve me t\u00eb ardhura m\u00eb t\u00eb ul\u00ebta n\u00eb bot\u00eb, dol\u00ebm midis kombeve me t\u00eb ardhura t\u00eb mesme t\u00eb larta.<\/p>\n<p>U rreshtuam n\u00eb Ballkan si qytetar\u00ebt me rrogat m\u00eb t\u00eb larta. Dhe nj\u00eb seri transformimesh shum\u00eb t\u00eb r\u00ebnd\u00ebsishme u realizuan n\u00eb ato vite.<\/p>\n<p>Shqip\u00ebria u an\u00ebtar\u00ebsua n\u00eb NATO. Shqip\u00ebria transformoi infrastruktur\u00ebn, mori rekomandimin e Komisionit p\u00ebr statusin e vendit kandidat.<\/p>\n<p>Pra, ne demokrat\u00ebt, kur dol\u00ebm n\u00eb opozit\u00eb, dol\u00ebm duke d\u00ebshmuar me vepra se i sh\u00ebrbyem vendit. Dol\u00ebm me q\u00ebllimin p\u00ebr t\u2019i sh\u00ebrbyer p\u00ebrs\u00ebri si opozitar\u00eb.<\/p>\n<p>10 vite kan\u00eb qen\u00eb vite t\u00eb rraskapitjes m\u00eb t\u00eb madhe tuaj\u00ebn, t\u00eb popullit opozitar.<\/p>\n<p>10 vite, rregullat baz\u00eb t\u00eb demokracis\u00eb, ku pushteti dhe opozita rivalizojn\u00eb n\u00eb kushte normale me alternativat e tyre, u zhduk\u00ebn.<\/p>\n<p>Kur Edi Rama erdhi n\u00eb pushtet, i them n\u00eb parlament: zot\u00ebri, lidhjet tua me krimin i njeh e gjith\u00eb bota, jan\u00eb universalisht t\u00eb njohura, por shqiptar\u00ebt t\u00eb amnistuan sepse t\u00eb votuan. Dhe tani \u00e7do gj\u00eb do p\u00ebrcaktohet fati i vendit, i demokracis\u00eb, se \u00e7far\u00eb do t\u00eb b\u00ebsh ti me k\u00ebto lidhje. Do i pres\u00ebsh ato me g\u00ebrsh\u00ebr\u00ebt e ligjit, vendi do t\u00eb ec\u00eb. Shqip\u00ebria do ec\u00eb p\u00ebrpara.<\/p>\n<p>Por n\u00ebse p\u00ebrdor pushtetin p\u00ebr t\u2019i fuqizuar ato lidhje, p\u00ebr t\u00eb shtrir\u00eb pushtetin e tyre mbi qytetar\u00ebt, kjo do jet\u00eb katastrof\u00eb komb\u00ebtare. Dhe e dyta ndodhi.<\/p>\n<p>Ju jeni d\u00ebshmitar\u00eb se vota juaj nuk vlen m\u00eb p\u00ebr rotacionin. Po pse? Sepse ai \u00ebsht\u00eb i betuar t\u00eb mos dor\u00ebzoj\u00eb me \u00e7do kusht dhe \u00e7do \u00e7mim pushtetin.<\/p>\n<p>Ai ka d\u00ebshmuar nj\u00eb urrejtje jo m\u00eb t\u00eb pak\u00ebt p\u00ebr aq sa ka n\u00eb dor\u00eb, sa nazist\u00ebt ndaj hebrenjve. Ai do t\u2019u thot\u00eb ju, demokrate e demokrat\u00eb, t\u00eb cil\u00ebt u ngrit\u00ebn me sakrifica t\u00eb m\u00ebdha, me guxim e trim\u00ebri, e mor\u00ebt Shqip\u00ebrin\u00eb n\u00eb supe, e an\u00ebtar\u00ebsuat n\u00eb NATO, e nxor\u00ebt nga honet e mjerimit dhe varf\u00ebris\u00eb dhe po ecte n\u00eb nj\u00eb rrug\u00eb normale zhvillimi.<\/p>\n<p>Ai do t\u2019u thot\u00eb ju se nuk jeni demokrat\u00eb, nj\u00eblloj si nazist\u00ebt q\u00eb u hiqnin emrat hebrenjve dhe u jepnin nj\u00eb num\u00ebr. Dhe do t\u2019u thot\u00eb se nuk jeni demokrat\u00eb, por ju jeni Lulzim. Se un\u00eb Brav\u00ebn e kam n\u00eb xhep.<\/p>\n<p>Demokrate e demokrat\u00eb, n\u00eb t\u00ebr\u00eb historin\u00eb q\u00eb nga dita e themelimit gjer sot, ne nuk kemi p\u00ebrball\u00eb nj\u00eb armik m\u00eb t\u00eb eg\u00ebr, m\u00eb \u00e7njer\u00ebzor se Edi Ram\u00ebn.<\/p>\n<p>\u00cbsht\u00eb n\u00eb detyr\u00ebn ton\u00eb, n\u00eb detyrimin ton\u00eb t\u2019i themi armikut, armik dhe t\u2019i q\u00ebndrojm\u00eb armikut si armik\u201d, u shpreh Berisha.<\/p>\n","protected":false},"excerpt":{"rendered":"<p>Kryetari i PD, Sali Berisha ka zhvilluar nj\u00eb takim me an\u00ebtar\u00eb dhe simpatizant\u00eb n\u00eb Lezh\u00eb, \u00ebsht\u00eb shprehur se, demokrat\u00ebt nuk kan\u00eb pasur kurr\u00eb p\u00ebrball\u00eb tyre, nj\u00eb armik m\u00eb t\u00eb eg\u00ebr se Edi Rama. Berisha deklaroi se, Rama shprehet se \u2018ju se nuk jeni demokrat\u00eb, nj\u00eblloj si nazist\u00ebt q\u00eb u hiqnin emrat hebrenjve dhe u jepnin &hellip;<\/p>\n","protected":false},"author":4,"featured_media":64804,"comment_status":"closed","ping_status":"closed","sticky":false,"template":"","format":"standard","meta":{"footnotes":""},"categories":[37],"tags":[],"class_list":["post-64803","post","type-post","status-publish","format-standard","has-post-thumbnail","","category-politike"],"_links":{"self":[{"href":"https:\/\/rdnews.al\/index.php\/wp-json\/wp\/v2\/posts\/64803","targetHints":{"allow":["GET"]}}],"collection":[{"href":"https:\/\/rdnews.al\/index.php\/wp-json\/wp\/v2\/posts"}],"about":[{"href":"https:\/\/rdnews.al\/index.php\/wp-json\/wp\/v2\/types\/post"}],"author":[{"embeddable":true,"href":"https:\/\/rdnews.al\/index.php\/wp-json\/wp\/v2\/users\/4"}],"replies":[{"embeddable":true,"href":"https:\/\/rdnews.al\/index.php\/wp-json\/wp\/v2\/comments?post=64803"}],"version-history":[{"count":0,"href":"https:\/\/rdnews.al\/index.php\/wp-json\/wp\/v2\/posts\/64803\/revisions"}],"wp:featuredmedia":[{"embeddable":true,"href":"https:\/\/rdnews.al\/index.php\/wp-json\/wp\/v2\/media\/64804"}],"wp:attachment":[{"href":"https:\/\/rdnews.al\/index.php\/wp-json\/wp\/v2\/media?parent=64803"}],"wp:term":[{"taxonomy":"category","embeddable":true,"href":"https:\/\/rdnews.al\/index.php\/wp-json\/wp\/v2\/categories?post=64803"},{"taxonomy":"post_tag","embeddable":true,"href":"https:\/\/rdnews.al\/index.php\/wp-json\/wp\/v2\/tags?post=64803"}],"curies":[{"name":"wp","href":"https:\/\/api.w.org\/{rel}","templated":true}]}}