{"id":64868,"date":"2023-11-27T10:54:13","date_gmt":"2023-11-27T10:54:13","guid":{"rendered":"https:\/\/rdnews.al\/?p=64868"},"modified":"2023-11-27T10:54:26","modified_gmt":"2023-11-27T10:54:26","slug":"rilindja-e-mjerimit-migjenian-ne-puke-5-ore-ne-kembe-per-te-shkuar-ne-shkolle","status":"publish","type":"post","link":"https:\/\/rdnews.al\/index.php\/2023\/11\/27\/rilindja-e-mjerimit-migjenian-ne-puke-5-ore-ne-kembe-per-te-shkuar-ne-shkolle\/","title":{"rendered":"Rilindja e mjerimit migjenian n\u00eb Puk\u00eb, 5 or\u00eb n\u00eb k\u00ebmb\u00eb p\u00ebr t\u00eb shkuar n\u00eb shkoll\u00eb!"},"content":{"rendered":"<p><strong>Nga Besart XHAFERRI<\/strong><\/p>\n<p>N\u00eb nj\u00eb koh\u00eb q\u00eb fasada dhe propaganda p\u00ebr Rilindjen e Arsimit jan\u00eb kryefjal\u00eb n\u00eb \u00e7do dalje televizive t\u00eb kreut t\u00eb qeveris\u00eb, realiteti jasht\u00eb Tiran\u00ebs n\u00eb shkolla dhe institucione arsimore \u00ebsht\u00eb rr\u00ebnqeth\u00ebs.<\/p>\n<p>Emisioni &#8220;Piranjat&#8221; n\u00eb Syri Tv solli rastin e disa f\u00ebmij\u00ebve t\u00eb mitur n\u00eb fshatin Blerim t\u00eb Puk\u00ebs, q\u00eb p\u00ebr t\u00eb shkuar n\u00eb shkoll\u00eb detyrohen t\u00eb ecin 5 or\u00eb n\u00eb k\u00ebmb\u00eb.<\/p>\n<p>Rrug\u00ebtimi drejt dijes i k\u00ebtyre vog\u00eblush\u00ebve kalon p\u00ebrmes nj\u00eb terreni t\u00eb thyer malor me shtigje, lugina e p\u00ebrrenj, ku jeta e t\u00eb miturve \u00ebsht\u00eb n\u00eb m\u00ebshir\u00eb t\u00eb kushteve t\u00eb motit dhe disa urave t\u00eb improvizuara, t\u00eb nd\u00ebrtuara nga prind\u00ebrit e k\u00ebtyre f\u00ebmij\u00ebve.<\/p>\n<p>Si prind i dy f\u00ebmij\u00ebve, si qytetar i angazhuar, si njeri i lidhur me sip\u00ebrmarrjen n\u00eb arsimin privat, jam thell\u00ebsisht i tronditur p\u00ebr ata f\u00ebmij\u00eb, q\u00eb n\u00eb 2023, duhet t\u00eb jetojn\u00eb si n\u00eb dekad\u00ebn kur Migjeni sh\u00ebrbente si arsimtar n\u00eb k\u00ebt\u00eb trev\u00eb dhe na njohu t\u00eb gjith\u00ebve me realitetin e Lulit t\u00eb voc\u00ebrr.<\/p>\n<p>Ata f\u00ebmij\u00eb p\u00ebr t&#8217;u arsimuar duhet t\u00eb ecin n\u00eb t\u00eb nj\u00ebjtat gjurm\u00eb e shtigje t\u00eb st\u00ebrgjysh\u00ebrve, gjysh\u00ebrve, e prind\u00ebrve t\u00eb tyre, p\u00ebr t\u00eb vetmin faj, se jetojn\u00eb n\u00eb nj\u00eb zon\u00eb t\u00eb thell\u00eb malore q\u00eb shteti e ka harruar.<\/p>\n<p>Nuk i jap dot shpjegim se si Zyra Arsimore Puk\u00eb, Drejtoria Rajonale Arsimore p\u00ebr Veriun dhe MAS\u00a0 kan\u00eb heshtur p\u00ebrball\u00eb k\u00ebtij realiteti, duke l\u00ebn\u00eb disa f\u00ebmij\u00eb t\u00eb mitur n\u00eb m\u00ebshir\u00eb t\u00eb fatit p\u00ebr m\u00ebkatin e vet\u00ebm se duan t\u00eb arsimohen.<\/p>\n<p>Konviktet e Puk\u00ebs e Fush\u00eb -Arr\u00ebzit jan\u00eb t\u00eb boshatisur, e fare mir\u00eb ata f\u00ebmij\u00eb mund t\u00eb strehoheshin n\u00eb k\u00ebto konvikte e t\u00eb ndiqnin arsimin n\u00eb shkollat e qytetit ose n\u00eb Shkod\u00ebr.<\/p>\n<p>Ajo \u00e7far\u00eb t\u00eb trishton m\u00eb shum\u00eb \u00ebsht\u00eb fakti se ky realitet nuk \u00ebsht\u00eb vet\u00ebm n\u00eb Puk\u00eb, por n\u00eb shum\u00eb shkolla n\u00eb zonat e thella malore, si n\u00eb veri dhe n\u00eb jug t\u00eb Shqip\u00ebris\u00eb.<\/p>\n<p>E kam ende n\u00eb mendje nj\u00eb shkoll\u00eb n\u00eb Mirdit\u00eb q\u00eb kremtonte\u00a0 n\u00eb nj\u00eb ceremoni festive 100 vjetorin e hapjes pak dit\u00eb me par\u00eb, por sot aty kishte vet\u00ebm 5 nx\u00ebn\u00ebs n\u00eb nj\u00eb klas\u00eb kolektive.<\/p>\n<p>N\u00eb 2023 asnj\u00eb f\u00ebmij\u00eb shqiptar nuk mund t\u00eb privohet nga e drejta p\u00ebr arsim dinjitoz.<\/p>\n<p>Historia e k\u00ebtyre nx\u00ebn\u00ebsve n\u00eb fshatin Blerim t\u00eb Puk\u00ebs duhet t\u00eb shkund\u00eb MAS, e ky institucion duhet t\u00eb hartoj\u00eb nj\u00eb platform\u00eb jo vet\u00ebm p\u00ebr k\u00ebta f\u00ebmij\u00eb por p\u00ebr \u00e7do bashk\u00ebmoshatar t\u00eb tyre q\u00eb arsimohet n\u00eb kushte t\u00eb ngjashme n\u00eb \u00e7do skaj t\u00eb vendit.<\/p>\n","protected":false},"excerpt":{"rendered":"<p>Nga Besart XHAFERRI N\u00eb nj\u00eb koh\u00eb q\u00eb fasada dhe propaganda p\u00ebr Rilindjen e Arsimit jan\u00eb kryefjal\u00eb n\u00eb \u00e7do dalje televizive t\u00eb kreut t\u00eb qeveris\u00eb, realiteti jasht\u00eb Tiran\u00ebs n\u00eb shkolla dhe institucione arsimore \u00ebsht\u00eb rr\u00ebnqeth\u00ebs. Emisioni &#8220;Piranjat&#8221; n\u00eb Syri Tv solli rastin e disa f\u00ebmij\u00ebve t\u00eb mitur n\u00eb fshatin Blerim t\u00eb Puk\u00ebs, q\u00eb p\u00ebr t\u00eb shkuar &hellip;<\/p>\n","protected":false},"author":4,"featured_media":64869,"comment_status":"closed","ping_status":"closed","sticky":false,"template":"","format":"standard","meta":{"footnotes":""},"categories":[37],"tags":[],"class_list":["post-64868","post","type-post","status-publish","format-standard","has-post-thumbnail","","category-politike"],"_links":{"self":[{"href":"https:\/\/rdnews.al\/index.php\/wp-json\/wp\/v2\/posts\/64868","targetHints":{"allow":["GET"]}}],"collection":[{"href":"https:\/\/rdnews.al\/index.php\/wp-json\/wp\/v2\/posts"}],"about":[{"href":"https:\/\/rdnews.al\/index.php\/wp-json\/wp\/v2\/types\/post"}],"author":[{"embeddable":true,"href":"https:\/\/rdnews.al\/index.php\/wp-json\/wp\/v2\/users\/4"}],"replies":[{"embeddable":true,"href":"https:\/\/rdnews.al\/index.php\/wp-json\/wp\/v2\/comments?post=64868"}],"version-history":[{"count":0,"href":"https:\/\/rdnews.al\/index.php\/wp-json\/wp\/v2\/posts\/64868\/revisions"}],"wp:featuredmedia":[{"embeddable":true,"href":"https:\/\/rdnews.al\/index.php\/wp-json\/wp\/v2\/media\/64869"}],"wp:attachment":[{"href":"https:\/\/rdnews.al\/index.php\/wp-json\/wp\/v2\/media?parent=64868"}],"wp:term":[{"taxonomy":"category","embeddable":true,"href":"https:\/\/rdnews.al\/index.php\/wp-json\/wp\/v2\/categories?post=64868"},{"taxonomy":"post_tag","embeddable":true,"href":"https:\/\/rdnews.al\/index.php\/wp-json\/wp\/v2\/tags?post=64868"}],"curies":[{"name":"wp","href":"https:\/\/api.w.org\/{rel}","templated":true}]}}