{"id":64917,"date":"2023-11-27T12:49:24","date_gmt":"2023-11-27T12:49:24","guid":{"rendered":"https:\/\/rdnews.al\/?p=64917"},"modified":"2023-11-27T12:49:24","modified_gmt":"2023-11-27T12:49:24","slug":"berisha-rama-firmosi-per-te-rrembyer-token-e-pronareve-dhe-e-ndau-pronen-me-bollinon","status":"publish","type":"post","link":"https:\/\/rdnews.al\/index.php\/2023\/11\/27\/berisha-rama-firmosi-per-te-rrembyer-token-e-pronareve-dhe-e-ndau-pronen-me-bollinon\/","title":{"rendered":"Berisha: Rama firmosi p\u00ebr t\u00eb rr\u00ebmbyer tok\u00ebn e pronar\u00ebve dhe e ndau pron\u00ebn me Bollinon"},"content":{"rendered":"<p>Kryetari i PD, Sali Berisha tha se, Rama ka firmosur 3 vendime t\u00eb 7 muaj p\u00ebr ta privatizuar tok\u00ebn nga Bollino i tij, e p\u00ebr t\u00eb rr\u00ebmbyer p\u00ebrfundimisht tok\u00ebn e pronar\u00ebve. Berisha tha se, kjo \u00ebsht\u00eb arsyeja pse Edi Rama nuk pranon komisionin hetimor parlamentar.<br \/>\n\u201cUn\u00eb ftoj \u00e7do qytetar t\u00eb shtrojn\u00eb pyetjen a kan\u00eb d\u00ebgjuar, apo lexuar kurr\u00eb ndonj\u00ebher\u00eb n\u00eb histori se nj\u00eb kryeminist\u00ebr n\u00eb 7 muaj ka l\u00ebshuar me em\u00ebr t\u00eb p\u00ebrve\u00e7\u00ebm, ka firmosur tre vendime qeverie si n\u00eb k\u00ebt\u00eb rast.<br \/>\nJu garantoj se nga eksperienca ime si kryeminist\u00ebr, se kjo nuk mund t\u00eb ndodh\u00eb kurr\u00eb. Nj\u00eb kryeminist\u00ebr k\u00ebt\u00eb nuk e b\u00ebn kurr\u00eb, p\u00ebrve\u00e7 se kur e b\u00ebn p\u00ebr veten e tij, q\u00eb ndan pron\u00ebn me Carlo Bollinon.<br \/>\nA mund t\u00eb imagjinoni ju nj\u00eb kryeminist\u00ebr q\u00eb firmos tre vendime t\u00eb 7 muaj, jo vet\u00ebm p\u00ebr t\u00eb ja dh\u00ebn\u00eb me qira 1 euro, por p\u00ebr ta privatizuar, p\u00ebr t\u00eb rr\u00ebmbyer p\u00ebrfundimisht tok\u00ebn e pronar\u00ebve t\u00eb cil\u00ebt e lan\u00eb me q\u00ebllim q\u00eb komuniteti t\u00eb b\u00ebhej me gjimnaz.<br \/>\nDhe ky zot\u00ebri, me k\u00ebto vendime e tjet\u00ebrson pron\u00ebsin\u00eb dhe ja jep Carlo Bollinos dhe vetes s\u00eb tij.<br \/>\nMos harroni edhe nj\u00ebher\u00eb se ka urdh\u00ebruar burgosjen politike t\u00eb nj\u00eb njeriu, kund\u00ebrshtar politik, q\u00eb e ka denoncuar me qindra her\u00eb, aferat e tij, pallatin e Linda Ram\u00ebs, thjeshtr\u00ebn e gjith\u00eb me radh\u00eb, vet\u00ebm e vet\u00ebm se ai ka marr\u00eb n\u00eb p\u00ebrputhje me ligjet e vendit dhe pa asnj\u00eb firm\u00eb t\u00eb ish-kryeministrit Sali Berisha, 410 met\u00ebr katror\u00eb tok\u00eb.<br \/>\nFamilja e tij ka marr\u00eb gjithsej 8% t\u00eb pronave t\u00eb konfiskuara nga regjimi komunist.<br \/>\nKa marr\u00eb 410 met\u00ebr kundrejt 1 miliard e 577 milion\u00eb e 400 mij\u00eb met\u00ebr katror\u00eb q\u00eb kan\u00eb marr\u00eb pronar\u00ebt e tjer\u00eb t\u00eb Shqip\u00ebris\u00eb.<br \/>\nEdhe n\u00eb k\u00ebt\u00eb rast \u00ebsht\u00eb nj\u00eb rast flagrant i firmave t\u00eb Edi Ram\u00ebs me t\u00eb cilat mbush xhepat, kontot, b\u00ebhet pronar dhe pasurohet Bollino dhe ai vet\u00eb.<br \/>\nD\u00ebnoj me forc\u00ebn m\u00eb t\u00eb madhe se kjo \u00ebsht\u00eb arsyeja pse Edi Rama nuk pranon komisionin hetimor parlamentar. Por tani ka ikur koha kur ai opozit\u00ebn e duraviste dhe e blinte. Tani ka nj\u00eb opozit\u00eb t\u00eb v\u00ebrtet\u00eb dhe e garantoj at\u00eb se krijimi i Komisioneve do ti krijoj\u00eb ose ai, ose do ti krijoj\u00eb populli shqiptar me t\u00eb gjith\u00eb forc\u00ebn e tij\u201d, u shpreh Berisha.<\/p>\n","protected":false},"excerpt":{"rendered":"<p>Kryetari i PD, Sali Berisha tha se, Rama ka firmosur 3 vendime t\u00eb 7 muaj p\u00ebr ta privatizuar tok\u00ebn nga Bollino i tij, e p\u00ebr t\u00eb rr\u00ebmbyer p\u00ebrfundimisht tok\u00ebn e pronar\u00ebve. Berisha tha se, kjo \u00ebsht\u00eb arsyeja pse Edi Rama nuk pranon komisionin hetimor parlamentar. \u201cUn\u00eb ftoj \u00e7do qytetar t\u00eb shtrojn\u00eb pyetjen a kan\u00eb d\u00ebgjuar, &hellip;<\/p>\n","protected":false},"author":4,"featured_media":64918,"comment_status":"closed","ping_status":"closed","sticky":false,"template":"","format":"standard","meta":{"footnotes":""},"categories":[37],"tags":[],"class_list":["post-64917","post","type-post","status-publish","format-standard","has-post-thumbnail","","category-politike"],"_links":{"self":[{"href":"https:\/\/rdnews.al\/index.php\/wp-json\/wp\/v2\/posts\/64917","targetHints":{"allow":["GET"]}}],"collection":[{"href":"https:\/\/rdnews.al\/index.php\/wp-json\/wp\/v2\/posts"}],"about":[{"href":"https:\/\/rdnews.al\/index.php\/wp-json\/wp\/v2\/types\/post"}],"author":[{"embeddable":true,"href":"https:\/\/rdnews.al\/index.php\/wp-json\/wp\/v2\/users\/4"}],"replies":[{"embeddable":true,"href":"https:\/\/rdnews.al\/index.php\/wp-json\/wp\/v2\/comments?post=64917"}],"version-history":[{"count":0,"href":"https:\/\/rdnews.al\/index.php\/wp-json\/wp\/v2\/posts\/64917\/revisions"}],"wp:featuredmedia":[{"embeddable":true,"href":"https:\/\/rdnews.al\/index.php\/wp-json\/wp\/v2\/media\/64918"}],"wp:attachment":[{"href":"https:\/\/rdnews.al\/index.php\/wp-json\/wp\/v2\/media?parent=64917"}],"wp:term":[{"taxonomy":"category","embeddable":true,"href":"https:\/\/rdnews.al\/index.php\/wp-json\/wp\/v2\/categories?post=64917"},{"taxonomy":"post_tag","embeddable":true,"href":"https:\/\/rdnews.al\/index.php\/wp-json\/wp\/v2\/tags?post=64917"}],"curies":[{"name":"wp","href":"https:\/\/api.w.org\/{rel}","templated":true}]}}