{"id":65083,"date":"2023-11-29T17:10:40","date_gmt":"2023-11-29T17:10:40","guid":{"rendered":"https:\/\/rdnews.al\/?p=65083"},"modified":"2023-11-29T17:10:40","modified_gmt":"2023-11-29T17:10:40","slug":"vasili-rama-mbetet-gangrena-e-integrimit-ne-be","status":"publish","type":"post","link":"https:\/\/rdnews.al\/index.php\/2023\/11\/29\/vasili-rama-mbetet-gangrena-e-integrimit-ne-be\/","title":{"rendered":"Vasili: Rama mbetet gangrena e integrimit n\u00eb BE"},"content":{"rendered":"<p><strong>Nga Petrit VASILI<\/strong><\/p>\n<p>Sot \u00e7\u00ebshtja Beleri \u00ebsht\u00eb p\u00ebrkthyer ne nj\u00eb pengese p\u00ebr integrimin europian dhe konkretisht procesin e an\u00ebtar\u00ebsimit ne Bashkimin Europian.<\/p>\n<p>Veto e Greqis\u00eb \u00ebsht\u00eb nj\u00eb pengese krejt e kap\u00ebrcyeshme me lejimin e Belerit qe ai te beje betimin si Kryetar i zgjedhur i Bashkise se Himar\u00ebs.<\/p>\n<p>Ky betim i Belerit nuk pengon aspak vazhdimin e procesit gjyq\u00ebsor pik\u00ebrisht njelloj si edhr per Kryetaret e Bashkive te Edi Rames, te cilet vazhdojne punen si kryetare bashkie megjithse jane te akuzuar njelloj si Beleri.<\/p>\n<p>Por Rama nuk e do dhe pengon vazhdimisht an\u00ebtar\u00ebsimin ne BE.<\/p>\n<p>Ashtu si dhjete vite me pare kur ai vet\u00ebm p\u00ebr te zgjedhur si\u00e7 donte vete Kryetarin e K\u00ebshillit te Qarkut te Fierit bllokoi, p\u00ebr me shume se tre vjet, tre ligjet qe p\u00ebrbenin detyrim per marrjen e statusit te vendit kandidat p\u00ebr ne BE edhe sot po b\u00ebn te nj\u00ebjt\u00ebn gj\u00eb me nj\u00eb sebep te ri.<\/p>\n<p>Ne \u00e7do kohe Edi Rama me qellim dhe sipas nj\u00eb strategjie te qarte bllokuese krijon ngjarje, qe pengojn\u00eb integrimin ne Europe te Shqip\u00ebris\u00eb.<\/p>\n<p>Rasti Beleri \u00ebsht\u00eb nj\u00eblloj si Vangjel Ndreko kandidati per kryetar k\u00ebshilli p\u00ebr Qarkun e Fierit, qe te dy rastet te p\u00ebrbashk\u00ebt kane Edi Ramen si bllokues recidivat.<\/p>\n<p>Dikur para dhjete vitesh per shkak te Edi Rames qe donte te zgjidhte me pahir nje kryetar te Qarkut e Fierit, Shqip\u00ebria humbi qindra miliona euro ndihme europiane p\u00ebr shkak te bllokimit te tre ligjeve.<\/p>\n<p>Sot \u00e7\u00ebshtja Beleri b\u00ebn qe p\u00ebr shkak te Edi Rames Shqip\u00ebria te bllokohet serish ne nje moment shum\u00eb t\u00eb r\u00ebnd\u00ebsishem n\u00eb rrug\u00ebn p\u00ebr an\u00ebtar\u00ebsim ne BE.<\/p>\n<p>Mbasi u humben vite me radhe p\u00ebr hapjen e Negociatave p\u00ebr an\u00ebtar\u00ebsim ne BE, p\u00ebr shkak te Tete kushteve, qe Rama nuk i plot\u00ebsonte q\u00ebllimisht e qe lidheshin me zgjedhjet e lira korrupsionin reform\u00ebn ne drejt\u00ebsi, hetimin e dosjeve 184 dhe 339, serish sot Rama vendos penges\u00ebn e radh\u00ebs p\u00ebr integrimin.<\/p>\n<p>Problemi i vet\u00ebm pra \u00ebsht\u00eb Edi Rama, as Greqia dhe as Beleri.<\/p>\n<p>Nga Qarku i Fierit tek Beleri gangrena e integrimit te Shqip\u00ebris\u00eb ne BE \u00ebsht\u00eb dhe mbetet Edi Rama!<\/p>\n","protected":false},"excerpt":{"rendered":"<p>Nga Petrit VASILI Sot \u00e7\u00ebshtja Beleri \u00ebsht\u00eb p\u00ebrkthyer ne nj\u00eb pengese p\u00ebr integrimin europian dhe konkretisht procesin e an\u00ebtar\u00ebsimit ne Bashkimin Europian. Veto e Greqis\u00eb \u00ebsht\u00eb nj\u00eb pengese krejt e kap\u00ebrcyeshme me lejimin e Belerit qe ai te beje betimin si Kryetar i zgjedhur i Bashkise se Himar\u00ebs. Ky betim i Belerit nuk pengon aspak &hellip;<\/p>\n","protected":false},"author":4,"featured_media":49111,"comment_status":"closed","ping_status":"closed","sticky":false,"template":"","format":"standard","meta":{"footnotes":""},"categories":[37],"tags":[],"class_list":["post-65083","post","type-post","status-publish","format-standard","has-post-thumbnail","","category-politike"],"_links":{"self":[{"href":"https:\/\/rdnews.al\/index.php\/wp-json\/wp\/v2\/posts\/65083","targetHints":{"allow":["GET"]}}],"collection":[{"href":"https:\/\/rdnews.al\/index.php\/wp-json\/wp\/v2\/posts"}],"about":[{"href":"https:\/\/rdnews.al\/index.php\/wp-json\/wp\/v2\/types\/post"}],"author":[{"embeddable":true,"href":"https:\/\/rdnews.al\/index.php\/wp-json\/wp\/v2\/users\/4"}],"replies":[{"embeddable":true,"href":"https:\/\/rdnews.al\/index.php\/wp-json\/wp\/v2\/comments?post=65083"}],"version-history":[{"count":0,"href":"https:\/\/rdnews.al\/index.php\/wp-json\/wp\/v2\/posts\/65083\/revisions"}],"wp:featuredmedia":[{"embeddable":true,"href":"https:\/\/rdnews.al\/index.php\/wp-json\/wp\/v2\/media\/49111"}],"wp:attachment":[{"href":"https:\/\/rdnews.al\/index.php\/wp-json\/wp\/v2\/media?parent=65083"}],"wp:term":[{"taxonomy":"category","embeddable":true,"href":"https:\/\/rdnews.al\/index.php\/wp-json\/wp\/v2\/categories?post=65083"},{"taxonomy":"post_tag","embeddable":true,"href":"https:\/\/rdnews.al\/index.php\/wp-json\/wp\/v2\/tags?post=65083"}],"curies":[{"name":"wp","href":"https:\/\/api.w.org\/{rel}","templated":true}]}}