{"id":65125,"date":"2023-11-30T09:10:14","date_gmt":"2023-11-30T09:10:14","guid":{"rendered":"https:\/\/rdnews.al\/?p=65125"},"modified":"2023-11-30T09:10:14","modified_gmt":"2023-11-30T09:10:14","slug":"uefa-pezullon-arbitrin-qe-vendosi-per-penalltine-ne-favor-te-psg","status":"publish","type":"post","link":"https:\/\/rdnews.al\/index.php\/2023\/11\/30\/uefa-pezullon-arbitrin-qe-vendosi-per-penalltine-ne-favor-te-psg\/","title":{"rendered":"UEFA pezullon arbitrin q\u00eb vendosi p\u00ebr penalltin\u00eb n\u00eb favor t\u00eb PSG"},"content":{"rendered":"<p>PSG barazoi ndaj Newcastle vet\u00ebm n\u00eb fund, pas nj\u00eb penalltie t\u00eb diskutueshme. N\u00eb fakt, futbollisti i anglez\u00ebve prek fillimisht topin me trup, p\u00ebrpara se t\u00eb p\u00ebrfundoj\u00eb te dora, \u00e7ka do t\u00eb thot\u00eb se, sipas rregullores, nuk ishte 11-met\u00ebrsh.<\/p>\n<p>UEFA nuk ka q\u00ebndruar duarkryq dhe ka pezulluar arbitrin q\u00eb ishte n\u00eb VAR. Gjyqtari Tomasz Kwiatkowski i \u00ebsht\u00eb komunikuar nga qeveria europiane e futbollit se ai nuk do t\u00eb mund t\u00eb jet\u00eb n\u00eb dhom\u00ebn e VAR sonte, n\u00eb ndeshjen e s\u00eb m\u00ebrkur\u00ebs n\u00eb Grupin D t\u00eb Champions League mes Real Sociedad dhe Red Bull Salzburg.Vendimi tregon se zyrtari polak \u00ebsht\u00eb nd\u00ebshkuar p\u00ebr gabimin q\u00eb \u00e7oi n\u00eb barazimin e Kylian Mbappe n\u00eb minut\u00ebn e tet\u00eb t\u00eb koh\u00ebs shtes\u00eb n\u00eb Parc des Princes.<\/p>\n<p>Kwiatkowski \u00ebsht\u00eb nj\u00eb arbit\u00ebr me shum\u00eb p\u00ebrvoj\u00eb q\u00eb kreu si duhet detyrat e VAR-it n\u00eb finalen e Kup\u00ebs s\u00eb Bot\u00ebs vitin e kaluar, pjes\u00eb e t\u00eb nj\u00ebjtit ekip gjyqtar\u00ebsh q\u00eb mor\u00ebn p\u00ebrsip\u00ebr p\u00ebrgjegj\u00ebsin\u00eb p\u00ebr ndeshjen e s\u00eb mart\u00ebs mbr\u00ebma.<\/p>\n","protected":false},"excerpt":{"rendered":"<p>PSG barazoi ndaj Newcastle vet\u00ebm n\u00eb fund, pas nj\u00eb penalltie t\u00eb diskutueshme. N\u00eb fakt, futbollisti i anglez\u00ebve prek fillimisht topin me trup, p\u00ebrpara se t\u00eb p\u00ebrfundoj\u00eb te dora, \u00e7ka do t\u00eb thot\u00eb se, sipas rregullores, nuk ishte 11-met\u00ebrsh. UEFA nuk ka q\u00ebndruar duarkryq dhe ka pezulluar arbitrin q\u00eb ishte n\u00eb VAR. Gjyqtari Tomasz Kwiatkowski i &hellip;<\/p>\n","protected":false},"author":4,"featured_media":0,"comment_status":"closed","ping_status":"closed","sticky":false,"template":"","format":"standard","meta":{"footnotes":""},"categories":[39],"tags":[],"class_list":["post-65125","post","type-post","status-publish","format-standard","","category-sport"],"_links":{"self":[{"href":"https:\/\/rdnews.al\/index.php\/wp-json\/wp\/v2\/posts\/65125","targetHints":{"allow":["GET"]}}],"collection":[{"href":"https:\/\/rdnews.al\/index.php\/wp-json\/wp\/v2\/posts"}],"about":[{"href":"https:\/\/rdnews.al\/index.php\/wp-json\/wp\/v2\/types\/post"}],"author":[{"embeddable":true,"href":"https:\/\/rdnews.al\/index.php\/wp-json\/wp\/v2\/users\/4"}],"replies":[{"embeddable":true,"href":"https:\/\/rdnews.al\/index.php\/wp-json\/wp\/v2\/comments?post=65125"}],"version-history":[{"count":0,"href":"https:\/\/rdnews.al\/index.php\/wp-json\/wp\/v2\/posts\/65125\/revisions"}],"wp:attachment":[{"href":"https:\/\/rdnews.al\/index.php\/wp-json\/wp\/v2\/media?parent=65125"}],"wp:term":[{"taxonomy":"category","embeddable":true,"href":"https:\/\/rdnews.al\/index.php\/wp-json\/wp\/v2\/categories?post=65125"},{"taxonomy":"post_tag","embeddable":true,"href":"https:\/\/rdnews.al\/index.php\/wp-json\/wp\/v2\/tags?post=65125"}],"curies":[{"name":"wp","href":"https:\/\/api.w.org\/{rel}","templated":true}]}}