{"id":65144,"date":"2023-11-30T11:27:40","date_gmt":"2023-11-30T11:27:40","guid":{"rendered":"https:\/\/rdnews.al\/?p=65144"},"modified":"2023-11-30T11:27:40","modified_gmt":"2023-11-30T11:27:40","slug":"berisha-rama-ka-firmosur-4-vendime-te-personalizuara-per-grabitjen-e-tokes-se-bashku-me-bolinon","status":"publish","type":"post","link":"https:\/\/rdnews.al\/index.php\/2023\/11\/30\/berisha-rama-ka-firmosur-4-vendime-te-personalizuara-per-grabitjen-e-tokes-se-bashku-me-bolinon\/","title":{"rendered":"Berisha: Rama ka firmosur 4 vendime t\u00eb personalizuara p\u00ebr grabitjen e tok\u00ebs s\u00eb bashku me Bolinon"},"content":{"rendered":"<p>Kryetari i PD, Sali Berisha tha nw konferencwn pwr shtyp se, Edi Rama ka firmosur 4 vendime t\u00eb personalizuara p\u00ebr grabitjen e tok\u00ebs s\u00eb bashku me Bolinon. Ai tha se, me k\u00ebto vendime, Edi Rama hyn n\u00eb librin Gines p\u00ebr p\u00ebrdorimin e firm\u00ebs s\u00eb vet n\u00eb 4 vendime p\u00ebr vjedhje t\u00eb hapur publike s\u00eb bashku me Karlo Bolinon.<br \/>\n\u201cS\u00eb pari duhet t\u00eb k\u00ebrkoj ndjes\u00eb sepse p\u00ebr grabitjen e rreth 5 mij\u00eb met\u00ebr tok\u00eb nga Rama dhe Bolino, nga tetori i vitit 2019 gjer n\u00eb korrik t\u00eb vitit 2020, Edi Rama ka firmosur jo 3 vendime si\u00e7 kishim paraqitur dy her\u00eb m\u00eb par\u00eb n\u00eb k\u00ebt\u00eb sall\u00eb, por ka firmosur 4 vendime t\u00eb personalizuara p\u00ebr grabitjen e tok\u00ebs s\u00eb bashku me Bolinon.<br \/>\nGazetar\u00ebt kan\u00eb gjetur edhe nj\u00eb vendim tjet\u00ebr, q\u00eb \u00ebsht\u00eb vendimi num\u00ebr 589, dat\u00eb 22.7.2020, me t\u00eb cilin Edi Rama nd\u00ebrhyn p\u00ebrs\u00ebri n\u00eb kontrat\u00ebn e firmosur para vendimit t\u00eb par\u00eb me Karlo Bolinon.<br \/>\nMe k\u00ebto vendime, Edi Rama hyn n\u00eb librin Gines p\u00ebr p\u00ebrdorimin e firm\u00ebs s\u00eb vet n\u00eb 4 vendime p\u00ebr vjedhje t\u00eb hapur publike s\u00eb bashku me Karlo Bolinon.<br \/>\nP\u00ebrve\u00e7 kat\u00ebr vendimeve t\u00eb firmosura nga vet\u00eb Edi Rama dhe t\u00eb personalizuara p\u00ebr Bolinon, jan\u00eb gjetur edhe 3 firma t\u00eb tjera qeveritare, nj\u00ebra e Ram\u00ebs n\u00eb lejen e nd\u00ebrtimit dhe dy t\u00eb zonj\u00ebs Anila Denaj n\u00eb kontrat\u00ebn dhe lejen e nd\u00ebrtimit, t\u00eb gjitha k\u00ebto p\u00ebr p\u00ebrvet\u00ebsimin e 5 mij\u00eb met\u00ebr katror\u00eb tok\u00eb nga Bolino, sigurisht p\u00ebr Ram\u00ebn.<br \/>\nGazetar\u00ebt investigative provuan qart\u00eb me dokumente n\u00eb emisionin Plug, se si Edi Rama e ktheu shtetin n\u00eb sh\u00ebrbim t\u00eb pushtetit t\u00eb mikut t\u00eb vet, Bolino.<br \/>\nUn\u00eb si\u00e7 thash\u00eb m\u00eb sip\u00ebr, kisha paraqitur para jush t\u00eb v\u00ebrtet\u00ebn se Edi Rama kurr\u00eb n\u00eb jet\u00ebne tij, kishte firmosur fap e fap nj\u00ebri pas tjetrit nga tetori i vitit 2019 deri n\u00eb korrik t\u00eb vitit 2020, kat\u00ebr vendime t\u00eb personalizuara p\u00ebr t\u2019i falur Bolinos s\u00eb tij, natyrisht p\u00ebr t\u00eb grabitur p\u00ebr vete tok\u00ebn 4900 metra, q\u00eb kushtonte s\u00eb paku 1.2 milion euro.<br \/>\nToka q\u00eb u grabit me 4 vendime t\u00eb personalizuar qeverie p\u00ebr kompanin\u00eb e Bolinos, t\u00eb firmosur fap e fap nga Edi Rama, n\u00eb planin rregullues t\u00eb qytetit t\u00eb Tiran\u00ebs ishte e planifikuar p\u00ebr gjimnaz n\u00eb nj\u00eb komunitet prej 60 mij\u00eb banor\u00ebsh q\u00ebnuk kishte nj\u00eb gjimnaz t\u00eb till\u00eb.<br \/>\nMe VKM-n\u00eb e fundit q\u00eb u paraqit sot, Edi Rama ndryshon VKM-n\u00eb e dat\u00ebs 6.5.2020, ndryshon p\u00ebrs\u00ebri kontrat\u00ebn. Dhe \u00e7far\u00eb shkruan n\u00eb ndryshim?<br \/>\nShkruan se ndryshimi \u00ebsht\u00eb p\u00ebr rikonstruktim total minimal. Nuk ka njeri q\u00eb mund ta zb\u00ebrthej\u00eb k\u00ebt\u00eb fjal\u00eb, n\u00eb nj\u00eb koh\u00eb kur me vendimin e par\u00eb, Rama miraton kontrat\u00ebn n\u00eb t\u00eb cil\u00ebn b\u00ebhej fjal\u00eb p\u00ebr rikonstruksionin e tre objekteve. Dhe kontrata me Bolinon ishte rikonstruksioni i tyre.<br \/>\nNd\u00ebrkoh\u00eb dy muaj pas vendimit t\u00eb par\u00eb, Rama jep lejen e nd\u00ebrtimit. Pra, kontrata \u00ebsht\u00eb rikonstruksion, kurse kjo \u00ebsht\u00eb leje nd\u00ebrtimi, t\u00eb cil\u00ebn n\u00eb t\u00eb gjitha ligjet e vendit e jep bashkia, por p\u00ebr pron\u00ebn e tij personale me Bolinon, e firmos vet\u00eb Edi Rama. Dhe habitsh\u00ebm e firmos edhe ministrja e familjes, Denaj. Zonja Anila Denaj.<br \/>\nSe \u00e7far\u00eb do ministrja edhe te leja e nd\u00ebrtimit, Rama e di. Se kjo duhet t\u00eb ishte plot\u00ebsisht atribut ligjor i Bashkis\u00eb s\u00eb Tiran\u00ebs.<br \/>\nPor, pas lejes s\u00eb nd\u00ebrtimit, Rama nxjerr vendimin e tret\u00eb, n\u00eb t\u00eb cilin n\u00eb kund\u00ebrshtim me kontrat\u00ebn, q\u00eb ishte p\u00ebr rikonstruksion, urdh\u00ebron prishjen e objekteve, duke shkelur r\u00ebnd\u00eb nenet e kontrat\u00ebs. Dhe k\u00ebt\u00eb e b\u00ebn pasi kishte dh\u00ebn\u00eb lejen e nd\u00ebrtimit.<br \/>\nPor ajo q\u00eb \u00ebsht\u00eb m\u00eb e ve\u00e7ant\u00eb, se dy muaj pasi urdh\u00ebron prishjen e objekteve me VKM-n\u00eb e tret\u00eb, me VKM-n\u00eb e kat\u00ebrt, Rama urdh\u00ebron konstruksionin total minimal\u201d, u shpreh Berisha.<\/p>\n","protected":false},"excerpt":{"rendered":"<p>Kryetari i PD, Sali Berisha tha nw konferencwn pwr shtyp se, Edi Rama ka firmosur 4 vendime t\u00eb personalizuara p\u00ebr grabitjen e tok\u00ebs s\u00eb bashku me Bolinon. Ai tha se, me k\u00ebto vendime, Edi Rama hyn n\u00eb librin Gines p\u00ebr p\u00ebrdorimin e firm\u00ebs s\u00eb vet n\u00eb 4 vendime p\u00ebr vjedhje t\u00eb hapur publike s\u00eb bashku &hellip;<\/p>\n","protected":false},"author":4,"featured_media":65145,"comment_status":"closed","ping_status":"closed","sticky":false,"template":"","format":"standard","meta":{"footnotes":""},"categories":[37],"tags":[],"class_list":["post-65144","post","type-post","status-publish","format-standard","has-post-thumbnail","","category-politike"],"_links":{"self":[{"href":"https:\/\/rdnews.al\/index.php\/wp-json\/wp\/v2\/posts\/65144","targetHints":{"allow":["GET"]}}],"collection":[{"href":"https:\/\/rdnews.al\/index.php\/wp-json\/wp\/v2\/posts"}],"about":[{"href":"https:\/\/rdnews.al\/index.php\/wp-json\/wp\/v2\/types\/post"}],"author":[{"embeddable":true,"href":"https:\/\/rdnews.al\/index.php\/wp-json\/wp\/v2\/users\/4"}],"replies":[{"embeddable":true,"href":"https:\/\/rdnews.al\/index.php\/wp-json\/wp\/v2\/comments?post=65144"}],"version-history":[{"count":0,"href":"https:\/\/rdnews.al\/index.php\/wp-json\/wp\/v2\/posts\/65144\/revisions"}],"wp:featuredmedia":[{"embeddable":true,"href":"https:\/\/rdnews.al\/index.php\/wp-json\/wp\/v2\/media\/65145"}],"wp:attachment":[{"href":"https:\/\/rdnews.al\/index.php\/wp-json\/wp\/v2\/media?parent=65144"}],"wp:term":[{"taxonomy":"category","embeddable":true,"href":"https:\/\/rdnews.al\/index.php\/wp-json\/wp\/v2\/categories?post=65144"},{"taxonomy":"post_tag","embeddable":true,"href":"https:\/\/rdnews.al\/index.php\/wp-json\/wp\/v2\/tags?post=65144"}],"curies":[{"name":"wp","href":"https:\/\/api.w.org\/{rel}","templated":true}]}}