{"id":65147,"date":"2023-11-30T11:30:58","date_gmt":"2023-11-30T11:30:58","guid":{"rendered":"https:\/\/rdnews.al\/?p=65147"},"modified":"2023-11-30T11:30:58","modified_gmt":"2023-11-30T11:30:58","slug":"kush-eshte-ambasadori-i-ri-i-bashkimit-europian-ne-tirane","status":"publish","type":"post","link":"https:\/\/rdnews.al\/index.php\/2023\/11\/30\/kush-eshte-ambasadori-i-ri-i-bashkimit-europian-ne-tirane\/","title":{"rendered":"Kush \u00ebsht\u00eb ambasadori i ri i Bashkimit Europian n\u00eb Tiran\u00eb"},"content":{"rendered":"<p>P\u00ebrfaq\u00ebsuesi i Lart\u00eb i Bashkimit Europian, Josep Borrell b\u00ebri me dije emrat e disa ambasador\u00ebve t\u00eb rinj t\u00eb unionit, t\u00eb do t\u00eb caktohen n\u00eb vendet vakante n\u00eb misionet diplomatike t\u00eb unionit mes t\u00eb cil\u00ebve dhe Shqip\u00ebria.<\/p>\n<p>K\u00ebshtu, Silvion Gonzato \u00ebsht\u00eb em\u00ebrimi i p\u00ebrfaq\u00ebsuesit t\u00eb lart\u00eb t\u00eb BE p\u00ebr t\u00eb drejtuar misionin n\u00eb Tiran\u00eb.<\/p>\n<p>Gonzato ka sh\u00ebrbyer m\u00eb her\u00ebt si zv\/ambasador i BE n\u00eb Kombet e Bashkuara n\u00eb Nju Jork. Detyrat e tij t\u00eb m\u00ebparshme kan\u00eb qen\u00eb n\u00eb EEAS si drejtor p\u00ebr marr\u00ebdh\u00ebniet nd\u00ebrinstitucionale, koordinimin publik dhe diplomacin\u00eb publike.<\/p>\n<p>Misioni i Gonzato n\u00eb Tiran\u00eb pritet t\u00eb nis\u00eb formalisht m\u00eb 1 dhjetor 2023.<\/p>\n","protected":false},"excerpt":{"rendered":"<p>P\u00ebrfaq\u00ebsuesi i Lart\u00eb i Bashkimit Europian, Josep Borrell b\u00ebri me dije emrat e disa ambasador\u00ebve t\u00eb rinj t\u00eb unionit, t\u00eb do t\u00eb caktohen n\u00eb vendet vakante n\u00eb misionet diplomatike t\u00eb unionit mes t\u00eb cil\u00ebve dhe Shqip\u00ebria. K\u00ebshtu, Silvion Gonzato \u00ebsht\u00eb em\u00ebrimi i p\u00ebrfaq\u00ebsuesit t\u00eb lart\u00eb t\u00eb BE p\u00ebr t\u00eb drejtuar misionin n\u00eb Tiran\u00eb. Gonzato ka &hellip;<\/p>\n","protected":false},"author":4,"featured_media":65148,"comment_status":"closed","ping_status":"closed","sticky":false,"template":"","format":"standard","meta":{"footnotes":""},"categories":[37],"tags":[],"class_list":["post-65147","post","type-post","status-publish","format-standard","has-post-thumbnail","","category-politike"],"_links":{"self":[{"href":"https:\/\/rdnews.al\/index.php\/wp-json\/wp\/v2\/posts\/65147","targetHints":{"allow":["GET"]}}],"collection":[{"href":"https:\/\/rdnews.al\/index.php\/wp-json\/wp\/v2\/posts"}],"about":[{"href":"https:\/\/rdnews.al\/index.php\/wp-json\/wp\/v2\/types\/post"}],"author":[{"embeddable":true,"href":"https:\/\/rdnews.al\/index.php\/wp-json\/wp\/v2\/users\/4"}],"replies":[{"embeddable":true,"href":"https:\/\/rdnews.al\/index.php\/wp-json\/wp\/v2\/comments?post=65147"}],"version-history":[{"count":0,"href":"https:\/\/rdnews.al\/index.php\/wp-json\/wp\/v2\/posts\/65147\/revisions"}],"wp:featuredmedia":[{"embeddable":true,"href":"https:\/\/rdnews.al\/index.php\/wp-json\/wp\/v2\/media\/65148"}],"wp:attachment":[{"href":"https:\/\/rdnews.al\/index.php\/wp-json\/wp\/v2\/media?parent=65147"}],"wp:term":[{"taxonomy":"category","embeddable":true,"href":"https:\/\/rdnews.al\/index.php\/wp-json\/wp\/v2\/categories?post=65147"},{"taxonomy":"post_tag","embeddable":true,"href":"https:\/\/rdnews.al\/index.php\/wp-json\/wp\/v2\/tags?post=65147"}],"curies":[{"name":"wp","href":"https:\/\/api.w.org\/{rel}","templated":true}]}}