{"id":65150,"date":"2023-11-30T11:37:25","date_gmt":"2023-11-30T11:37:25","guid":{"rendered":"https:\/\/rdnews.al\/?p=65150"},"modified":"2023-11-30T11:42:00","modified_gmt":"2023-11-30T11:42:00","slug":"berisha-publikon-skandalin-skap-i-ftoi-edhe-bolinon-si-deshmitar-te-rreme-ne-dosjen-partizani","status":"publish","type":"post","link":"https:\/\/rdnews.al\/index.php\/2023\/11\/30\/berisha-publikon-skandalin-skap-i-ftoi-edhe-bolinon-si-deshmitar-te-rreme-ne-dosjen-partizani\/","title":{"rendered":"Berisha publikon skandalin: SKAP-i ftoi edhe Bolinon si d\u00ebshmitar t\u00eb rrem\u00eb n\u00eb dosjen \u201cPartizani\u201d"},"content":{"rendered":"<p>Kryetari i PD, Sali Berisha tha gjat\u00eb konferenc\u00ebs p\u00ebr shtyp se, SKAP-i ftoi edhe Bolinon si d\u00ebshmitar t\u00eb rrem\u00eb n\u00eb dosjen \u201cPartizani\u201d. Berisha tha se, n\u00eb vend q\u00eb Bolino t\u00eb marr\u00eb at\u00eb q\u00eb meriton, bashk\u00eb me Ram\u00ebn, p\u00ebr grabitjen e hapur t\u00eb 5 mij\u00eb met\u00ebr katror\u00eb- tani ata rrijn\u00eb dhe e diskutojn\u00eb Bolino me Ram\u00ebn n\u00ebse ishte publike apo private.<br \/>\n\u201cP\u00ebrve\u00e7 k\u00ebsaj, ka shkelje t\u00eb r\u00ebnda t\u00eb kontrat\u00ebs. \u00cbsht\u00eb shkelur neni 5, pika 13. Mos harroni, kontrata \u00ebsht\u00eb ligj. Shkelja e kontrat\u00ebs \u00ebsht\u00eb shkelje e ligjit.<br \/>\nKjo pik\u00eb thot\u00eb se qiramarr\u00ebsi n\u00eb momentin e p\u00ebrfundimit t\u00eb k\u00ebsaj kontrate, duhet t\u00eb dor\u00ebzoj\u00eb pron\u00ebn t\u00eb pad\u00ebmtuar. Qiramarr\u00ebsi me Edi Ram\u00ebn e ka rrafshuar pron\u00ebn, e ka zhdukur pron\u00ebn q\u00eb mor\u00ebn.<br \/>\nP\u00ebrve\u00e7 k\u00ebsaj, ka nj\u00eb shkelje tjet\u00ebr shum\u00eb dometh\u00ebn\u00ebse t\u00eb kontrat\u00ebs. Bolino merr kredi, kontrata e ndalon q\u00eb qiramarr\u00ebsi n\u00eb asnj\u00eb rast, nuk mund t\u00eb r\u00ebndoj\u00eb me barr\u00eb pron\u00ebn objekt t\u00eb k\u00ebsaj kontrate. Pra, nuk mund t\u00eb l\u00ebr\u00eb kolateral, pron\u00ebn publike.<br \/>\nPor Biolino merr kredi te Abi Bank, banka edhe ajo me tentakula t\u00eb familjes, e dini vet\u00eb ju, zonja Rama an\u00ebtare e plotfuqishme e bordit t\u00eb k\u00ebsaj banke, merr pra sikur ta kishte pron\u00ebn e vet private.<br \/>\nT\u00eb gjitha k\u00ebto faktojn\u00eb se kemi t\u00eb b\u00ebjm\u00eb me nj\u00eb vjedhje t\u00eb hapur publike.<br \/>\nPor ka edhe nj\u00eb aspekt shum\u00eb interesant. Rama burgosi dhe e l\u00eb n\u00eb arrest si kund\u00ebrshtar politik, Jamarb\u00ebr Malltezin, i cili nga prona e tij legjitime, ka marr\u00eb 408 met\u00ebr katror\u00eb pa asnj\u00eb vendim t\u00eb personalizuar n\u00eb nj\u00eb afat kohor 15-vje\u00e7ar.<br \/>\nN\u00ebse Karlo Bolino do t\u00eb ishte i bir\u00ebsuar nga familja Begeja, ai do t\u00eb p\u00ebrfitonte jo m\u00eb shum\u00eb se 408 met\u00ebr katror\u00eb.<br \/>\nPor binjak\u00ebzimi apo bir\u00ebsimi i tij me Edi Ram\u00ebn, b\u00ebn q\u00eb Bolino t\u00eb marr\u00eb vet\u00ebm nga prona e Begejave, tre her\u00eb m\u00eb shum\u00eb se Jamarb\u00ebr Malltezi.<br \/>\nKjo pa qen\u00eb as i bir\u00ebsuar, as dhe pronar kurr\u00eb as Edi Rama n\u00eb at\u00eb truall.<br \/>\nMir\u00ebpo problemi \u00ebsht\u00eb se k\u00ebta kan\u00eb SKAP-in, t\u00eb p\u00ebrb\u00ebr\u00eb nga laro, nga nj\u00eb grup i organizuar kriminal, q\u00eb ftojn\u00eb dhe Bolinon si d\u00ebshmitar t\u00eb rrem\u00eb n\u00eb dosjen \u2018Partizani\u2019.<br \/>\nN\u00eb vend q\u00eb Bolino t\u00eb marr\u00eb at\u00eb q\u00eb meriton, bashk\u00eb me Ram\u00ebn, p\u00ebr grabitjen e hapur t\u00eb 5 mij\u00eb met\u00ebr katror\u00eb- tani ata rrijn\u00eb dhe e diskutojn\u00eb Bolino me Ram\u00ebn n\u00ebse ishte publike apo private- ju them un\u00eb se e sqarova, toka ka qen\u00eb e privat\u00ebve, nj\u00eb pjes\u00eb rreth 1 mij\u00eb metra ka qen\u00eb e Begejsve, pjes tjet\u00ebr e familjeve t\u00eb tjera. Por, familjet kur kan\u00eb b\u00ebr\u00eb dokumentet p\u00ebr tok\u00ebn, u \u00ebsht\u00eb th\u00ebn\u00eb nga bashkia se kemi n\u00eb plan t\u00eb nd\u00ebrtojm\u00eb nj\u00eb gjimnaz. Dhe ato me bujari kan\u00eb hequr dor\u00eb nga k\u00ebrkesat p\u00ebr kthimin e pron\u00ebs dhe aty ka qen\u00eb n\u00eb plan, si\u00e7 e dini, nd\u00ebrtimi i nj\u00eb gjimnazi.<br \/>\nPra, toka e l\u00ebn\u00eb nga familjet p\u00ebr sevap, p\u00ebr t\u00eb nd\u00ebrtuar shkoll\u00ebn, pla\u00e7kitet nga dy hajdut\u00eb, q\u00eb nuk kan\u00eb din e imam dhe pla\u00e7kitin edhe vak\u00ebfet p\u00ebr t\u2019u pasuruar vet\u00eb me tok\u00eb.<br \/>\nPra ai q\u00eb ka marr\u00eb nga 1 miliard e 577 milion\u00eb met\u00ebr tok\u00eb t\u00eb kthyera dhe t\u00eb kompensuara, ka marr\u00eb 400 met\u00ebr nga toka e vet, e gjysh\u00ebrve, arrestohet dhe burgoset, kurse hajdut\u00ebt si Rama dhe Bolino kan\u00eb marr\u00eb nga tokat e familjes s\u00eb tij 3 her\u00eb m\u00eb shum\u00eb tok\u00eb dhe g\u00ebzojn\u00eb 5 mij\u00eb met\u00ebr tok\u00eb t\u00eb pla\u00e7kitur me vendime t\u00eb personalizuara\u201d, u shpreh Berisha.<\/p>\n","protected":false},"excerpt":{"rendered":"<p>Kryetari i PD, Sali Berisha tha gjat\u00eb konferenc\u00ebs p\u00ebr shtyp se, SKAP-i ftoi edhe Bolinon si d\u00ebshmitar t\u00eb rrem\u00eb n\u00eb dosjen \u201cPartizani\u201d. Berisha tha se, n\u00eb vend q\u00eb Bolino t\u00eb marr\u00eb at\u00eb q\u00eb meriton, bashk\u00eb me Ram\u00ebn, p\u00ebr grabitjen e hapur t\u00eb 5 mij\u00eb met\u00ebr katror\u00eb- tani ata rrijn\u00eb dhe e diskutojn\u00eb Bolino me Ram\u00ebn &hellip;<\/p>\n","protected":false},"author":4,"featured_media":65153,"comment_status":"closed","ping_status":"closed","sticky":false,"template":"","format":"standard","meta":{"footnotes":""},"categories":[37],"tags":[],"class_list":["post-65150","post","type-post","status-publish","format-standard","has-post-thumbnail","","category-politike"],"_links":{"self":[{"href":"https:\/\/rdnews.al\/index.php\/wp-json\/wp\/v2\/posts\/65150","targetHints":{"allow":["GET"]}}],"collection":[{"href":"https:\/\/rdnews.al\/index.php\/wp-json\/wp\/v2\/posts"}],"about":[{"href":"https:\/\/rdnews.al\/index.php\/wp-json\/wp\/v2\/types\/post"}],"author":[{"embeddable":true,"href":"https:\/\/rdnews.al\/index.php\/wp-json\/wp\/v2\/users\/4"}],"replies":[{"embeddable":true,"href":"https:\/\/rdnews.al\/index.php\/wp-json\/wp\/v2\/comments?post=65150"}],"version-history":[{"count":0,"href":"https:\/\/rdnews.al\/index.php\/wp-json\/wp\/v2\/posts\/65150\/revisions"}],"wp:featuredmedia":[{"embeddable":true,"href":"https:\/\/rdnews.al\/index.php\/wp-json\/wp\/v2\/media\/65153"}],"wp:attachment":[{"href":"https:\/\/rdnews.al\/index.php\/wp-json\/wp\/v2\/media?parent=65150"}],"wp:term":[{"taxonomy":"category","embeddable":true,"href":"https:\/\/rdnews.al\/index.php\/wp-json\/wp\/v2\/categories?post=65150"},{"taxonomy":"post_tag","embeddable":true,"href":"https:\/\/rdnews.al\/index.php\/wp-json\/wp\/v2\/tags?post=65150"}],"curies":[{"name":"wp","href":"https:\/\/api.w.org\/{rel}","templated":true}]}}