{"id":65187,"date":"2023-11-30T17:23:11","date_gmt":"2023-11-30T17:23:11","guid":{"rendered":"https:\/\/rdnews.al\/?p=65187"},"modified":"2023-11-30T17:56:28","modified_gmt":"2023-11-30T17:56:28","slug":"berisha-lufte-totale-diktatures","status":"publish","type":"post","link":"https:\/\/rdnews.al\/index.php\/2023\/11\/30\/berisha-lufte-totale-diktatures\/","title":{"rendered":"Berisha: Luft\u00eb totale diktatur\u00ebs!"},"content":{"rendered":"<p>Kryetari i PD, Sali Berisha tha nga Kamza se, duhet t\u00eb ngrihemi n\u00eb nj\u00eb luft\u00eb totale kund\u00ebr diktatur\u00ebs. Berisha ftoi qytetar\u00ebt q\u00eb t\u2019i bashkohen aksionit opozitar p\u00ebr t\u00eb larguar Edi Ram\u00ebn.<\/p>\n<p>Berisha u shpreh se, beteja e nisur nga deputet\u00ebt n\u00eb Parlament i ka dh\u00ebn\u00eb sukseset e para, por kjo mund t\u00eb shum\u00ebfishohet n\u00ebse bashkohen edhe qytetar\u00ebt anemban\u00eb Shqip\u00ebris\u00eb. M\u00eb tej ai tha se, \u201ckoha \u00ebsht\u00eb sot! T\u2019i p\u00ebrvishemi k\u00ebsaj diktature dhe fitoren ton\u00eb s\u2019e ndal forc\u00eb n\u00eb bot\u00eb\u2019.<\/p>\n<p>\u201cNe e nis\u00ebm betej\u00ebn n\u00eb Parlament dhe ju ne pat\u00eb se ajo pati sukseset e p[ara, por ju garantoj se ai sukses i Parlamentin do t\u00eb shum\u00ebfishohet kur t\u00eb ngrihet Kamza, Tirana, Gjirokastra, Kuk\u00ebsi, Tropoja dhe mbar\u00eb Shqip\u00ebria. Nuk duhet t\u00eb ngurojm\u00eb!<\/p>\n<p>Koha \u00ebsht\u00eb sot, thirrja \u00ebsht\u00eb sot m\u00eb shum\u00eb se kurr\u00eb, t\u00eb organizohemi, t\u00eb ngrihemi t\u2019i p\u00ebrvishemi k\u00ebsaj diktature dhe ju garantoj se nuk ka forc\u00eb n\u00eb bot\u00eb q\u00eb t\u00eb na ndal\u00eb nga fitorja nuk ka dhe nuk mund t\u00eb ket\u00eb\u201d, tha Berisha.<\/p>\n","protected":false},"excerpt":{"rendered":"<p>Kryetari i PD, Sali Berisha tha nga Kamza se, duhet t\u00eb ngrihemi n\u00eb nj\u00eb luft\u00eb totale kund\u00ebr diktatur\u00ebs. Berisha ftoi qytetar\u00ebt q\u00eb t\u2019i bashkohen aksionit opozitar p\u00ebr t\u00eb larguar Edi Ram\u00ebn. Berisha u shpreh se, beteja e nisur nga deputet\u00ebt n\u00eb Parlament i ka dh\u00ebn\u00eb sukseset e para, por kjo mund t\u00eb shum\u00ebfishohet n\u00ebse bashkohen &hellip;<\/p>\n","protected":false},"author":4,"featured_media":65188,"comment_status":"closed","ping_status":"closed","sticky":false,"template":"","format":"standard","meta":{"footnotes":""},"categories":[37],"tags":[],"class_list":["post-65187","post","type-post","status-publish","format-standard","has-post-thumbnail","","category-politike"],"_links":{"self":[{"href":"https:\/\/rdnews.al\/index.php\/wp-json\/wp\/v2\/posts\/65187","targetHints":{"allow":["GET"]}}],"collection":[{"href":"https:\/\/rdnews.al\/index.php\/wp-json\/wp\/v2\/posts"}],"about":[{"href":"https:\/\/rdnews.al\/index.php\/wp-json\/wp\/v2\/types\/post"}],"author":[{"embeddable":true,"href":"https:\/\/rdnews.al\/index.php\/wp-json\/wp\/v2\/users\/4"}],"replies":[{"embeddable":true,"href":"https:\/\/rdnews.al\/index.php\/wp-json\/wp\/v2\/comments?post=65187"}],"version-history":[{"count":0,"href":"https:\/\/rdnews.al\/index.php\/wp-json\/wp\/v2\/posts\/65187\/revisions"}],"wp:featuredmedia":[{"embeddable":true,"href":"https:\/\/rdnews.al\/index.php\/wp-json\/wp\/v2\/media\/65188"}],"wp:attachment":[{"href":"https:\/\/rdnews.al\/index.php\/wp-json\/wp\/v2\/media?parent=65187"}],"wp:term":[{"taxonomy":"category","embeddable":true,"href":"https:\/\/rdnews.al\/index.php\/wp-json\/wp\/v2\/categories?post=65187"},{"taxonomy":"post_tag","embeddable":true,"href":"https:\/\/rdnews.al\/index.php\/wp-json\/wp\/v2\/tags?post=65187"}],"curies":[{"name":"wp","href":"https:\/\/api.w.org\/{rel}","templated":true}]}}