{"id":65231,"date":"2023-12-01T09:07:32","date_gmt":"2023-12-01T09:07:32","guid":{"rendered":"https:\/\/rdnews.al\/?p=65231"},"modified":"2023-12-01T09:07:32","modified_gmt":"2023-12-01T09:07:32","slug":"goli-me-thember-marvin-cuni-frymezohem-nga-cristiano-ronaldo-dhe","status":"publish","type":"post","link":"https:\/\/rdnews.al\/index.php\/2023\/12\/01\/goli-me-thember-marvin-cuni-frymezohem-nga-cristiano-ronaldo-dhe\/","title":{"rendered":"Goli me themb\u00ebr, Marvin \u00c7uni: Frym\u00ebzohem nga Cristiano Ronaldo dhe\u2026"},"content":{"rendered":"<p>Marvin \u00c7uni \u00ebsht\u00eb nj\u00eb nga futbollist\u00ebt q\u00eb ka spikatur te Frosinone n\u00eb k\u00ebt\u00eb sezon.<\/p>\n<p>Trajner Eusebio Di Francesco i ka besuar shum\u00eb shqiptarit, madje nuk ngurroi ta aktivizonte sulmuesin q\u00eb n\u00eb ndeshjen e par\u00eb t\u00eb Serie A kund\u00ebr Napolit.<\/p>\n<p>N\u00eb vijim 22-vje\u00e7ari ia shp\u00ebrbleu edhe me nj\u00eb supergol n\u00eb ndeshjen kund\u00ebr Empolit.<\/p>\n<p>I transferuar k\u00ebt\u00eb sezon te Frosinone nga t\u00eb rinjt\u00eb e Bayern Munich, \u00c7uni duke mjaft mir\u00eb i p\u00ebrshtatur me futbollin italian. N\u00eb nj\u00eb intervist\u00eb t\u00eb fundit p\u00ebr \u201cTuttoFrosinone\u201d, flet p\u00ebr shum\u00eb tema, nga jeta e tij jasht\u00eb fushe, te diferencat e futbollit gjerman me at\u00eb italian dhe sigurisht p\u00ebr lojtarin tjet\u00ebr shqiptar, Arijon Ibrahimovic.<\/p>\n<p><strong>-Goli i par\u00eb i realizuar n\u00eb Serie A erdhi kund\u00ebr Empolit, ishte nj\u00eb gol i jasht\u00ebzakonsh\u00ebm, cila ishte ndjesia e atij momenti?<\/strong><\/p>\n<p>\u201cKund\u00ebr Empolit kisha sh\u00ebnuar n\u00eb pjes\u00ebn e par\u00eb, por m\u00eb ishte anuluar goli. Isha i nervozuar dhe m\u00eb pas sh\u00ebnova at\u00eb gol me tak\u00eb. Nj\u00eb gol shum\u00eb i bukur, ishte nj\u00eb ngush\u00ebllim i denj\u00eb p\u00ebr golin e anuluar m\u00eb par\u00eb\u201d.<\/p>\n<p><strong>-Cila \u00ebsht\u00eb diferenca mes futbollit gjerman dhe atij italian?<\/strong><\/p>\n<p>\u201cNga aspekti i intensitetit ka shum\u00eb ngjashm\u00ebri, ndoshta n\u00eb Gjermani \u00ebsht\u00eb nj\u00eb futboll m\u00eb i hapur dhe preferohen m\u00eb shum\u00eb duelet nj\u00eb kund\u00ebr nj\u00eb. N\u00eb Itali preferojn\u00eb q\u00eb aksionin ta nd\u00ebrtojn\u00eb nga mbrojtja dhe k\u00ebrkojn\u00eb t\u00eb luajn\u00eb m\u00eb pas n\u00eb nj\u00eb m\u00ebnyr\u00eb m\u00eb t\u00eb arsyeshme\u201d.<\/p>\n<p><strong>-Si kan\u00eb qen\u00eb k\u00ebto muajt e par\u00eb te Frosinone?<\/strong><\/p>\n<p>\u201cPrej fillimit jam ndjer\u00eb shum\u00eb mir\u00eb, \u00ebsht\u00eb nj\u00eb qytet i vog\u00ebl. Edhe me skuadr\u00ebn impakti ishte menj\u00ebher\u00eb shum\u00eb pozitiv. \u00cbsht\u00eb nj\u00eb ambient n\u00eb t\u00eb cilin mund t\u00eb punosh mir\u00eb dhe me qet\u00ebsi. Pastaj t\u00eb luash n\u00eb Serie A \u00ebsht\u00eb p\u00ebr nj\u00eb mund\u00ebsi e jasht\u00ebzakonshme, nj\u00eb mund\u00ebsi p\u00ebr t\u2019u rritur m\u00eb shum\u00eb\u201d.<\/p>\n<p><strong>-Cil\u00ebt jan\u00eb lojtar\u00ebt q\u00eb iu referohesh? A mund t\u00eb jet\u00eb Serie A nj\u00eb \u201ctrampolin\u00eb\u201d p\u00ebr karrier\u00ebn tuaj?<\/strong><\/p>\n<p>\u201cAtyre q\u00eb iu referohem n\u00eb futboll jan\u00eb Cristiano Ronaldo, Mbappe dhe Haaland. Serie A \u00ebsht\u00eb nj\u00eb kampionat shum\u00eb kompetitiv\u00eb dhe sigurisht mund t\u00eb m\u00eb ndihmoj shum\u00eb n\u00eb rritjen time\u201d.<\/p>\n<p><strong>-Kush jan\u00eb objektivat personal t\u00eb Marvin \u00c7unit?<\/strong><\/p>\n<p>\u201cNuk jam tipi i futbollistit q\u00eb vendos objektiva personal, mendoj vet\u00ebm t\u00eb luaj sa m\u00eb shum\u00eb ndeshje. Nuk dua t\u00eb mendoj p\u00ebr at\u00eb q\u00eb do t\u00eb ndodh\u00eb n\u00eb fundin e kampionatit\u201d.<\/p>\n<p><strong>-Vjen nga eksperienca n\u00eb Gjermani me Bayern ku je st\u00ebrvitur edhe me kampion\u00eb si Muller, Neuer apo Thiago Alcantara\u2026 \u00c7far\u00eb ndjesie t\u00eb jep dhe sa ke fituar nga eksperienca me bavarez\u00ebt?<\/strong><\/p>\n<p>\u201cAjo me Bayern ka qen\u00eb nj\u00eb eksperienc\u00eb shum\u00eb e bukur n\u00eb aspektin personal. Thiago Alcantara \u00ebsht\u00eb lojtari m\u00eb i fort\u00eb q\u00eb kam pasur pran\u00eb, me at\u00eb shkoja n\u00eb st\u00ebrvitje. T\u00eb isha pran\u00eb atyre kampion\u00ebve p\u00ebr mua ishte nj\u00eb eksperienc\u00eb fantastike\u201d.<\/p>\n<p><strong>-U transferove n\u00eb ver\u00eb ashtu si Ibrahimovic. Ai \u00ebsht\u00eb edhe m\u00eb i ri se ty, e prisje k\u00ebt\u00eb p\u00ebrshtatje t\u00eb Ibrahimovic q\u00eb po ashtu vjen nga Bayern?<\/strong><\/p>\n<p>\u201cPrisja q\u00eb t\u00eb kishte disa v\u00ebshtir\u00ebsi duke ditur q\u00eb b\u00ebhet fjal\u00eb p\u00ebr nj\u00eb futbollist shum\u00eb t\u00eb ri. Por, ai ka shum\u00eb kualitet, \u00ebsht\u00eb i fort\u00eb dhe e dija se do t\u00eb b\u00ebnte mir\u00eb sapo t\u2019i vinte rasti\u201d.<\/p>\n<p><strong>-Kush \u00ebsht\u00eb shoku i skuadr\u00ebs me t\u00eb cilin je afruar m\u00eb shum\u00eb?<\/strong><\/p>\n<p>\u201cJemi nj\u00eb grup i bashkuar, ndjehem mir\u00eb me t\u00eb gjith\u00eb. Por, duke qen\u00eb se flasim t\u00eb nj\u00ebjt\u00ebn gjuh\u00eb, jam afruar m\u00eb shum\u00eb me Ibrahimovic dhe Harroui\u201d.<\/p>\n<p><strong>-Si \u00ebsht\u00eb Marvin \u00c7uni jasht\u00eb fush\u00ebs s\u00eb loj\u00ebs?<\/strong><\/p>\n<p>\u201cJam nj\u00eb tip q\u00eb nuk m\u00eb p\u00eblqen t\u00eb dal shum\u00eb, q\u00ebndroj n\u00eb sht\u00ebpi dhe luaj playstation\u201d.<\/p>\n<p><strong>-Si \u00ebsht\u00eb Di Francesco si trajner?<\/strong><\/p>\n<p>\u201cQ\u00eb nga st\u00ebrvitjet e para e kam kuptuar se \u00ebsht\u00eb tipi i trajnerit q\u00eb k\u00ebrkon t\u00eb krijoj\u00eb loj\u00eb. \u00cbsht\u00eb nj\u00eb trajner me nivel t\u00eb lart\u00eb, padyshim m\u00eb i miri q\u00eb kam pasur deri tani. Ndjehem shum\u00eb mir\u00eb edhe n\u00eb aspektin personal si brenda fushe, ashtu edhe jasht\u00eb saj\u201d.<\/p>\n","protected":false},"excerpt":{"rendered":"<p>Marvin \u00c7uni \u00ebsht\u00eb nj\u00eb nga futbollist\u00ebt q\u00eb ka spikatur te Frosinone n\u00eb k\u00ebt\u00eb sezon. Trajner Eusebio Di Francesco i ka besuar shum\u00eb shqiptarit, madje nuk ngurroi ta aktivizonte sulmuesin q\u00eb n\u00eb ndeshjen e par\u00eb t\u00eb Serie A kund\u00ebr Napolit. N\u00eb vijim 22-vje\u00e7ari ia shp\u00ebrbleu edhe me nj\u00eb supergol n\u00eb ndeshjen kund\u00ebr Empolit. I transferuar k\u00ebt\u00eb &hellip;<\/p>\n","protected":false},"author":4,"featured_media":65232,"comment_status":"closed","ping_status":"closed","sticky":false,"template":"","format":"standard","meta":{"footnotes":""},"categories":[39],"tags":[],"class_list":["post-65231","post","type-post","status-publish","format-standard","has-post-thumbnail","","category-sport"],"_links":{"self":[{"href":"https:\/\/rdnews.al\/index.php\/wp-json\/wp\/v2\/posts\/65231","targetHints":{"allow":["GET"]}}],"collection":[{"href":"https:\/\/rdnews.al\/index.php\/wp-json\/wp\/v2\/posts"}],"about":[{"href":"https:\/\/rdnews.al\/index.php\/wp-json\/wp\/v2\/types\/post"}],"author":[{"embeddable":true,"href":"https:\/\/rdnews.al\/index.php\/wp-json\/wp\/v2\/users\/4"}],"replies":[{"embeddable":true,"href":"https:\/\/rdnews.al\/index.php\/wp-json\/wp\/v2\/comments?post=65231"}],"version-history":[{"count":0,"href":"https:\/\/rdnews.al\/index.php\/wp-json\/wp\/v2\/posts\/65231\/revisions"}],"wp:featuredmedia":[{"embeddable":true,"href":"https:\/\/rdnews.al\/index.php\/wp-json\/wp\/v2\/media\/65232"}],"wp:attachment":[{"href":"https:\/\/rdnews.al\/index.php\/wp-json\/wp\/v2\/media?parent=65231"}],"wp:term":[{"taxonomy":"category","embeddable":true,"href":"https:\/\/rdnews.al\/index.php\/wp-json\/wp\/v2\/categories?post=65231"},{"taxonomy":"post_tag","embeddable":true,"href":"https:\/\/rdnews.al\/index.php\/wp-json\/wp\/v2\/tags?post=65231"}],"curies":[{"name":"wp","href":"https:\/\/api.w.org\/{rel}","templated":true}]}}