{"id":65234,"date":"2023-12-01T09:12:46","date_gmt":"2023-12-01T09:12:46","guid":{"rendered":"https:\/\/rdnews.al\/?p=65234"},"modified":"2023-12-01T09:25:38","modified_gmt":"2023-12-01T09:25:38","slug":"raporti-i-okb-pastrimi-i-parave-rrit-cmimet-e-banesave-ne-tirane-dhe-ne-bregdet","status":"publish","type":"post","link":"https:\/\/rdnews.al\/index.php\/2023\/12\/01\/raporti-i-okb-pastrimi-i-parave-rrit-cmimet-e-banesave-ne-tirane-dhe-ne-bregdet\/","title":{"rendered":"Raporti i OKB: Pastrimi i parave rrit \u00e7mimet e banesave n\u00eb Tiran\u00eb dhe n\u00eb bregdet!"},"content":{"rendered":"<p>Tirana cil\u00ebsohet si nj\u00eb nga shtat\u00eb kryeqytetet kryesore europiane me nivele t\u00eb larta t\u00eb pap\u00ebrballueshm\u00ebris\u00eb s\u00eb blerjes s\u00eb nj\u00eb banese.<\/p>\n<p>Nj\u00eb raport i\u00a0Komisionit Ekonomik p\u00ebr Europ\u00ebn n\u00eb Kombet e Bashkuara\u00a0q\u00eb ka b\u00ebr\u00eb nj\u00eb vler\u00ebsim t\u00eb profilit t\u00eb Shqip\u00ebris\u00eb n\u00eb aspektin e zhvillimit urban, strehimit dhe menaxhimit t\u00eb tok\u00ebs n\u00ebnvizon gjithashtu se rritja e \u00e7mimeve mund t\u00eb jet\u00eb ndikuar ndoshta edhe nga pastrimi i parave.<\/p>\n<p>\u201cZhvillimet formale t\u00eb organizuara synojn\u00eb segmente t\u00eb banesave me \u00e7mime t\u00eb larta. Deri n\u00eb 32 p\u00ebr qind e pronave rezidenciale dhe komerciale t\u00eb shitura n\u00eb gjasht\u00ebmujorit t\u00eb par\u00eb t\u00eb vitit 2021 jan\u00eb bler\u00eb nga jorezident\u00eb; pastrimi i parave ndoshta ka qen\u00eb nj\u00eb faktor kontribuues i rritjes s\u00eb \u00e7mimeve n\u00eb Tiran\u00eb dhe n\u00eb zonat bregdetare.<\/p>\n<p>Tirana \u00ebsht\u00eb nd\u00ebr shtat\u00eb qytetet kryesore evropiane me nivele t\u00eb larta t\u00eb pap\u00ebrballueshm\u00ebris\u00eb s\u00eb banesave\u201d, thuhet n\u00eb raportin e dedikuar p\u00ebr Shqip\u00ebrin\u00eb.<\/p>\n<p>Ky i fundit n\u00eb k\u00ebt\u00eb kontekst analizon se blerja e nj\u00eb banese nga familjet me t\u00eb ardhura t\u00eb ul\u00ebta \u00ebsht\u00eb b\u00ebr\u00eb e v\u00ebshtir\u00eb ose e pap\u00ebrballueshme.<\/p>\n<p>\u201cN\u00eb k\u00ebt\u00eb sfond, nd\u00ebrtesat me shum\u00eb apartamente t\u00eb trash\u00ebguara nga epoka socialiste vuajn\u00eb nga mungesa e investimeve dhe mungesa e mir\u00ebmbajtjes. Shkalla e mbipopullimit p\u00ebr popullsin\u00eb e p\u00ebrgjithshme \u00ebsht\u00eb m\u00eb shum\u00eb se 58 p\u00ebr qind, q\u00eb \u00ebsht\u00eb m\u00eb e larta n\u00eb Evrop\u00eb, me p\u00ebrjashtim t\u00eb Malit t\u00eb Zi.<\/p>\n<p>K\u00ebto pabarazi strukturore n\u00eb tregjet e banesave e b\u00ebjn\u00eb t\u00eb pap\u00ebrballueshme aksesin n\u00eb strehim p\u00ebr grupet me t\u00eb ardhura t\u00eb ul\u00ebta\u201d vler\u00ebson raporti.<\/p>\n<p>Dokumenti i publikuar s\u00eb fundmi parashtron se n\u00eb Shqip\u00ebri, neni 59 i Kushtetut\u00ebs njeh t\u00eb drejt\u00ebn p\u00ebr strehim t\u00eb p\u00ebrshtatsh\u00ebm dhe t\u00eb p\u00ebrballuesh\u00ebm si nj\u00eb t\u00eb objektivave social\u00eb t\u00eb Shtetit Shqiptar dhe neni 18 p\u00ebr barazin\u00eb, siguron mbrojtjen e grupeve t\u00eb ndryshme shoq\u00ebrore kund\u00ebr \u00e7do forme diskriminimi.<\/p>\n<p>\u201cMegjithat\u00eb, pas privatizimit masiv dhe nd\u00ebrtimeve informale n\u00eb vitet 1990, sektori i banesave n\u00eb Shqip\u00ebri dominohet nga zot\u00ebrimi privat i sht\u00ebpive, me shum\u00eb sht\u00ebpi t\u00eb reja t\u00eb vet\u00eb-nd\u00ebrtuara dhe nd\u00ebrtesa t\u00eb tjera t\u00eb ngritura fillimisht ilegalisht dhe n\u00eb zonat e banuara.<\/p>\n<p>Sektori me qira i banesave sociale (qoft\u00eb publik, privat apo i p\u00ebrzier) n\u00eb Shqip\u00ebri \u00ebsht\u00eb shum\u00eb i vog\u00ebl, duke p\u00ebrfaq\u00ebsuar rreth 0.1% t\u00eb totalit t\u00eb banesave t\u00eb banuara.<\/p>\n<p>Ky sektor nuk mund t\u00eb konkurroj\u00eb tregun privat. Tregu i banesave me kredi hipotekore sapo po zhvillohet (pjesa e pronar\u00ebve t\u00eb sht\u00ebpive q\u00eb paguajn\u00eb nj\u00eb kredi t\u00eb till\u00eb \u00ebsht\u00eb m\u00eb e vog\u00ebl se 1 p\u00ebr qind).<\/p>\n<p>Kjo \u00ebsht\u00eb pjes\u00ebrisht p\u00ebr shkak t\u00eb rolit t\u00eb r\u00ebnd\u00ebsish\u00ebm t\u00eb sektorit informal dhe t\u00eb vet\u00eb-nd\u00ebrtuar ku aktiviteti i nd\u00ebrtimit b\u00ebhet p\u00ebrmes parave \u201ccash\u201d dhe remitancave\u201d thuhet n\u00eb raport.<\/p>\n<p>Ky i fundit sjell n\u00eb v\u00ebmendje edhe disa rekomandime q\u00eb mund t\u00eb merren nga institucionet n\u00eb vendin ton\u00eb p\u00ebr t\u00eb ndihmuar grupet m\u00eb t\u00eb dob\u00ebta dhe v\u00ebnies n\u00eb funksion n\u00eb mekanizmave p\u00ebr akses n\u00eb strehimin social<a href=\"https:\/\/www.monitor.al\/rritja-e-cmimeve-te-banesave-raporti-i-okb-pastrimi-i-parave-faktor-kontribuues-jane-bere-te-paperballueshme\/\" target=\"_blank\" rel=\"noopener\">. \/N.Maho\/MONITOR<\/a><\/p>\n<p><img loading=\"lazy\" decoding=\"async\" class=\"alignnone size-medium wp-image-65235\" src=\"https:\/\/rdnews.al\/wp-content\/uploads\/2023\/12\/ndertim-300x188.jpg\" alt=\"\" width=\"300\" height=\"188\" srcset=\"https:\/\/rdnews.al\/wp-content\/uploads\/2023\/12\/ndertim-300x188.jpg 300w, https:\/\/rdnews.al\/wp-content\/uploads\/2023\/12\/ndertim-768x480.jpg 768w, https:\/\/rdnews.al\/wp-content\/uploads\/2023\/12\/ndertim.jpg 900w\" sizes=\"auto, (max-width: 300px) 100vw, 300px\" \/><\/p>\n","protected":false},"excerpt":{"rendered":"<p>Tirana cil\u00ebsohet si nj\u00eb nga shtat\u00eb kryeqytetet kryesore europiane me nivele t\u00eb larta t\u00eb pap\u00ebrballueshm\u00ebris\u00eb s\u00eb blerjes s\u00eb nj\u00eb banese. Nj\u00eb raport i\u00a0Komisionit Ekonomik p\u00ebr Europ\u00ebn n\u00eb Kombet e Bashkuara\u00a0q\u00eb ka b\u00ebr\u00eb nj\u00eb vler\u00ebsim t\u00eb profilit t\u00eb Shqip\u00ebris\u00eb n\u00eb aspektin e zhvillimit urban, strehimit dhe menaxhimit t\u00eb tok\u00ebs n\u00ebnvizon gjithashtu se rritja e \u00e7mimeve mund &hellip;<\/p>\n","protected":false},"author":4,"featured_media":0,"comment_status":"closed","ping_status":"closed","sticky":false,"template":"","format":"standard","meta":{"footnotes":""},"categories":[37],"tags":[],"class_list":["post-65234","post","type-post","status-publish","format-standard","","category-politike"],"_links":{"self":[{"href":"https:\/\/rdnews.al\/index.php\/wp-json\/wp\/v2\/posts\/65234","targetHints":{"allow":["GET"]}}],"collection":[{"href":"https:\/\/rdnews.al\/index.php\/wp-json\/wp\/v2\/posts"}],"about":[{"href":"https:\/\/rdnews.al\/index.php\/wp-json\/wp\/v2\/types\/post"}],"author":[{"embeddable":true,"href":"https:\/\/rdnews.al\/index.php\/wp-json\/wp\/v2\/users\/4"}],"replies":[{"embeddable":true,"href":"https:\/\/rdnews.al\/index.php\/wp-json\/wp\/v2\/comments?post=65234"}],"version-history":[{"count":0,"href":"https:\/\/rdnews.al\/index.php\/wp-json\/wp\/v2\/posts\/65234\/revisions"}],"wp:attachment":[{"href":"https:\/\/rdnews.al\/index.php\/wp-json\/wp\/v2\/media?parent=65234"}],"wp:term":[{"taxonomy":"category","embeddable":true,"href":"https:\/\/rdnews.al\/index.php\/wp-json\/wp\/v2\/categories?post=65234"},{"taxonomy":"post_tag","embeddable":true,"href":"https:\/\/rdnews.al\/index.php\/wp-json\/wp\/v2\/tags?post=65234"}],"curies":[{"name":"wp","href":"https:\/\/api.w.org\/{rel}","templated":true}]}}