{"id":65347,"date":"2023-12-02T11:50:47","date_gmt":"2023-12-02T11:50:47","guid":{"rendered":"https:\/\/rdnews.al\/?p=65347"},"modified":"2023-12-02T11:50:47","modified_gmt":"2023-12-02T11:50:47","slug":"berisha-narko-regjimi-i-rames-do-te-zgjoje-luanin-e-fjetur-tek-shqiptaret","status":"publish","type":"post","link":"https:\/\/rdnews.al\/index.php\/2023\/12\/02\/berisha-narko-regjimi-i-rames-do-te-zgjoje-luanin-e-fjetur-tek-shqiptaret\/","title":{"rendered":"Berisha: Narko-regjimi i Ram\u00ebs do t\u00eb zgjoj\u00eb luanin e fjetur tek shqiptar\u00ebt"},"content":{"rendered":"<p>Kryetari i Partis\u00eb Demokratike, Sali Berisha nga Kuvendi Komb\u00ebtar deklaroi se, beteja me qeverin\u00eb \u00ebsht\u00eb luft\u00eb p\u00ebr ekzistenc\u00ebn e kombit shqiptar. Berisha ftoi p\u00ebr pjes\u00ebmarrje n\u00eb k\u00ebt\u00eb nism\u00eb t\u00eb demokrat\u00ebve dhe qytetar\u00ebve shqiptar\u00eb. Ai tha se, mosbindja civile \u00ebsht\u00eb betimi yn\u00eb.<\/p>\n<p>\u201cKjo nuk \u00ebsht\u00eb nj\u00eb beteje politike, por nj\u00eb luft\u00eb ekzistenc\u00eb. Ne nuk jemi kud\u00ebr nj\u00eb partie, por nj\u00eb partie shtet t\u00eb zaptuar nga Rama. Jemi kund\u00ebr armikut shqipfol\u00ebs. Me vot\u00eb ai nuk ik\u00ebn, pasi po la pushtetin do duhet t\u00eb p\u00ebrballet me krimet e bar. P\u00ebr k\u00ebt\u00eb duhet aksion politik pa kthim deri n\u00eb mosbindje civile aksion politike pa kthim. Ne ia \u00e7or\u00ebm mask\u00ebn Ram\u00ebs. Rama \u00ebsht\u00eb nj\u00eb kryeminist\u00ebr q\u00eb kalon buxhetin e shqiptar\u00ebve n\u00eb 4 minuta.<\/p>\n<p>Nj\u00eb kryeminist\u00ebr q\u00eb fshihet pas gard\u00ebs, si bos\u00ebt e krimit n\u00eb Meksik\u00eb m\u00eb tej. Mos prisni \u00e7do gj\u00eb nga deputet\u00ebt e opozit\u00ebs. \u00c7do shqiptar ka t\u00eb drejta t\u00eb shkelua, \u00ebsht\u00eb i grabitur dhe nga shteti. Ndaj duhet aksion pa kthim deri n\u00eb mosbindje civile. U b\u00ebj thirrje demokrat\u00ebve dhe shqiptar\u00ebve aksion pa kthim ndaj vot\u00ebs s\u00eb lir\u00eb deri n\u00eb mosbindje civile\u201d, tha Berisha.<\/p>\n","protected":false},"excerpt":{"rendered":"<p>Kryetari i Partis\u00eb Demokratike, Sali Berisha nga Kuvendi Komb\u00ebtar deklaroi se, beteja me qeverin\u00eb \u00ebsht\u00eb luft\u00eb p\u00ebr ekzistenc\u00ebn e kombit shqiptar. Berisha ftoi p\u00ebr pjes\u00ebmarrje n\u00eb k\u00ebt\u00eb nism\u00eb t\u00eb demokrat\u00ebve dhe qytetar\u00ebve shqiptar\u00eb. Ai tha se, mosbindja civile \u00ebsht\u00eb betimi yn\u00eb. \u201cKjo nuk \u00ebsht\u00eb nj\u00eb beteje politike, por nj\u00eb luft\u00eb ekzistenc\u00eb. Ne nuk jemi kud\u00ebr &hellip;<\/p>\n","protected":false},"author":4,"featured_media":65348,"comment_status":"closed","ping_status":"closed","sticky":false,"template":"","format":"standard","meta":{"footnotes":""},"categories":[37],"tags":[],"class_list":["post-65347","post","type-post","status-publish","format-standard","has-post-thumbnail","","category-politike"],"_links":{"self":[{"href":"https:\/\/rdnews.al\/index.php\/wp-json\/wp\/v2\/posts\/65347","targetHints":{"allow":["GET"]}}],"collection":[{"href":"https:\/\/rdnews.al\/index.php\/wp-json\/wp\/v2\/posts"}],"about":[{"href":"https:\/\/rdnews.al\/index.php\/wp-json\/wp\/v2\/types\/post"}],"author":[{"embeddable":true,"href":"https:\/\/rdnews.al\/index.php\/wp-json\/wp\/v2\/users\/4"}],"replies":[{"embeddable":true,"href":"https:\/\/rdnews.al\/index.php\/wp-json\/wp\/v2\/comments?post=65347"}],"version-history":[{"count":0,"href":"https:\/\/rdnews.al\/index.php\/wp-json\/wp\/v2\/posts\/65347\/revisions"}],"wp:featuredmedia":[{"embeddable":true,"href":"https:\/\/rdnews.al\/index.php\/wp-json\/wp\/v2\/media\/65348"}],"wp:attachment":[{"href":"https:\/\/rdnews.al\/index.php\/wp-json\/wp\/v2\/media?parent=65347"}],"wp:term":[{"taxonomy":"category","embeddable":true,"href":"https:\/\/rdnews.al\/index.php\/wp-json\/wp\/v2\/categories?post=65347"},{"taxonomy":"post_tag","embeddable":true,"href":"https:\/\/rdnews.al\/index.php\/wp-json\/wp\/v2\/tags?post=65347"}],"curies":[{"name":"wp","href":"https:\/\/api.w.org\/{rel}","templated":true}]}}