{"id":65417,"date":"2023-12-02T22:28:41","date_gmt":"2023-12-02T22:28:41","guid":{"rendered":"https:\/\/rdnews.al\/?p=65417"},"modified":"2023-12-02T22:28:41","modified_gmt":"2023-12-02T22:28:41","slug":"krimi-del-jashte-kontrollit-vritet-me-bresheri-plumbash-40-vjecari-ne-lezhe","status":"publish","type":"post","link":"https:\/\/rdnews.al\/index.php\/2023\/12\/02\/krimi-del-jashte-kontrollit-vritet-me-bresheri-plumbash-40-vjecari-ne-lezhe\/","title":{"rendered":"Krimi del jasht\u00eb kontrollit, vritet me bresh\u00ebri plumbash 40-vje\u00e7ari n\u00eb Lezh\u00eb"},"content":{"rendered":"<p>Ekzekutohet n\u00eb atentat Entjan Nikulaj, djali i xhaxhait t\u00eb Ardian Nikulajt (biznesmenit q\u00eb u vra n\u00eb prill t\u00eb k\u00ebtij viti).<\/p>\n<p>M\u00ebsohet se 40-vje\u00e7ari Entjan Nikulaj \u00ebsht\u00eb q\u00eblluar me bresh\u00ebri kallashnikovi nga nj\u00eb makin\u00eb n\u00eb dalje t\u00eb Lezh\u00ebs, pran\u00eb aksit q\u00eb lidh qytetin me La\u00e7in. B\u00ebhet e ditur se autor\u00ebt i kishin b\u00ebr\u00eb prit\u00eb n\u00eb dalje t\u00eb qytetit t\u00eb Lezh\u00ebs, pran\u00eb uj\u00ebsjell\u00ebsit.<\/p>\n<p>Nikulaj, i cili u q\u00ebllua teksa ishte brenda n\u00eb makin\u00ebn e tij tip fuoristrad\u00eb ML, ka humbur jet\u00ebn n\u00eb spital.<\/p>\n<p>Deri m\u00eb tani raportohet se autor\u00ebt jan\u00eb larguar n\u00eb drejtim t\u00eb Kurbinit, me nj\u00eb makin\u00eb tip BMW, e cila rezulton me targa t\u00eb vjedhura.<\/p>\n<p>Sipas burimeve makina rezulton me targa AB138HT t\u00eb vjedhura me 29 n\u00ebntor n\u00eb Tiran\u00eb. M\u00eb tej m\u00ebsohet se nj\u00eb automjet i paidentifikuar \u00ebsht\u00eb duke u djegur tek ura e tubit n\u00eb Rinas pran\u00eb aeroportit, makin\u00eb kjo q\u00eb dyshohet se \u00ebsht\u00eb p\u00ebrdorur nga atentator\u00ebt m\u00eb her\u00ebt sot.<\/p>\n","protected":false},"excerpt":{"rendered":"<p>Ekzekutohet n\u00eb atentat Entjan Nikulaj, djali i xhaxhait t\u00eb Ardian Nikulajt (biznesmenit q\u00eb u vra n\u00eb prill t\u00eb k\u00ebtij viti). M\u00ebsohet se 40-vje\u00e7ari Entjan Nikulaj \u00ebsht\u00eb q\u00eblluar me bresh\u00ebri kallashnikovi nga nj\u00eb makin\u00eb n\u00eb dalje t\u00eb Lezh\u00ebs, pran\u00eb aksit q\u00eb lidh qytetin me La\u00e7in. B\u00ebhet e ditur se autor\u00ebt i kishin b\u00ebr\u00eb prit\u00eb n\u00eb dalje &hellip;<\/p>\n","protected":false},"author":4,"featured_media":65418,"comment_status":"closed","ping_status":"closed","sticky":false,"template":"","format":"standard","meta":{"footnotes":""},"categories":[37],"tags":[],"class_list":["post-65417","post","type-post","status-publish","format-standard","has-post-thumbnail","","category-politike"],"_links":{"self":[{"href":"https:\/\/rdnews.al\/index.php\/wp-json\/wp\/v2\/posts\/65417","targetHints":{"allow":["GET"]}}],"collection":[{"href":"https:\/\/rdnews.al\/index.php\/wp-json\/wp\/v2\/posts"}],"about":[{"href":"https:\/\/rdnews.al\/index.php\/wp-json\/wp\/v2\/types\/post"}],"author":[{"embeddable":true,"href":"https:\/\/rdnews.al\/index.php\/wp-json\/wp\/v2\/users\/4"}],"replies":[{"embeddable":true,"href":"https:\/\/rdnews.al\/index.php\/wp-json\/wp\/v2\/comments?post=65417"}],"version-history":[{"count":0,"href":"https:\/\/rdnews.al\/index.php\/wp-json\/wp\/v2\/posts\/65417\/revisions"}],"wp:featuredmedia":[{"embeddable":true,"href":"https:\/\/rdnews.al\/index.php\/wp-json\/wp\/v2\/media\/65418"}],"wp:attachment":[{"href":"https:\/\/rdnews.al\/index.php\/wp-json\/wp\/v2\/media?parent=65417"}],"wp:term":[{"taxonomy":"category","embeddable":true,"href":"https:\/\/rdnews.al\/index.php\/wp-json\/wp\/v2\/categories?post=65417"},{"taxonomy":"post_tag","embeddable":true,"href":"https:\/\/rdnews.al\/index.php\/wp-json\/wp\/v2\/tags?post=65417"}],"curies":[{"name":"wp","href":"https:\/\/api.w.org\/{rel}","templated":true}]}}