{"id":65426,"date":"2023-12-04T09:15:20","date_gmt":"2023-12-04T09:15:20","guid":{"rendered":"https:\/\/rdnews.al\/?p=65426"},"modified":"2023-12-04T09:15:20","modified_gmt":"2023-12-04T09:15:20","slug":"garda-perplaset-me-deputetet-e-opozites-berisha-ne-jetojme-ne-nje-parlament-te-pushtuar","status":"publish","type":"post","link":"https:\/\/rdnews.al\/index.php\/2023\/12\/04\/garda-perplaset-me-deputetet-e-opozites-berisha-ne-jetojme-ne-nje-parlament-te-pushtuar\/","title":{"rendered":"Garda p\u00ebrplaset me deputet\u00ebt e opozit\u00ebs, Berisha: Ne jetojm\u00eb n\u00eb nj\u00eb parlament t\u00eb pushtuar!"},"content":{"rendered":"<p>Deputet\u00ebt e opozit\u00ebs kan\u00eb vijuar edhe sot protest\u00ebn n\u00eb Kuvend. Kryetari i PD, Sali Berisha, ka nisur t\u00eb flas\u00eb me nj\u00eb transmetim direkt n\u00ebp\u00ebrmjet rrjetit social, Facebook.<\/p>\n<p>Ende pa nisur zyrtarisht Kuvendi, deputet\u00ebt e opozit\u00ebs kan\u00eb tentuar q\u00eb t\u00eb hyjn\u00eb t\u00eb par\u00ebt n\u00eb sall\u00eb, nd\u00ebrkoh\u00eb q\u00eb jan\u00eb hasur me rezistenc\u00ebn e Gard\u00ebs, e cila ka ushtruar kontrolle n\u00eb \u00e7antat e tyre.<\/p>\n<p>Pas hyrjes n\u00eb sall\u00eb, deputet\u00ebt demokrat\u00eb kan\u00eb grumbulluar karriget para foltores se Kuvendit.<\/p>\n<p>Kryetari i PD, Sali Berisha n\u00ebp\u00ebrmjet nj\u00eb video-live n\u00eb \u201cfacebook-un\u201d e tij i \u00ebsht\u00eb drejtuar qytetar\u00ebve nga Kuvendi.<\/p>\n<p>Ai ka th\u00ebn\u00eb nd\u00ebr t\u00eb tjera se, Rama ka pushtuar Kuvendin me an\u00eb t\u00eb nj\u00eb grushti shteti, dhe deputet\u00ebt e mazhoranc\u00ebs i ka cil\u00ebsuar si kukulla q\u00eb komandohen nga padroni i tyre.<\/p>\n<p>\u201cNe jetojm\u00eb n\u00eb nj\u00eb parlament t\u00eb pushtuar. K\u00ebta nuk jan\u00eb me deputet\u00eb, shiko si rrin\u00eb, si kukulla\u201d\u00a0tha Berisha.<\/p>\n<p>Berisha shton se ministrat e Ram\u00ebs kan\u00eb dhjet\u00ebfishuar badigard\u00ebt, t\u00eb nj\u00ebjt\u00ebn gj\u00eb sipas tij kan\u00eb b\u00ebr\u00ebr edhe gjyqtar\u00ebt e prokuror\u00ebt, nd\u00ebrsa thekson se ky vet\u00ebm parlament nuk \u00ebsht\u00eb.<\/p>\n<p>\u201cMinistrat kan\u00eb dhjet\u00ebfishuar badigard\u00ebt, gjyqtar\u00eb e prokuror\u00eb kan\u00eb dhjet\u00ebfishuar badigard\u00ebt. Ky vet\u00ebm parlament nuk \u00ebsht\u00eb\u201d, p\u00ebrfundoi Berisha.<\/p>\n","protected":false},"excerpt":{"rendered":"<p>Deputet\u00ebt e opozit\u00ebs kan\u00eb vijuar edhe sot protest\u00ebn n\u00eb Kuvend. Kryetari i PD, Sali Berisha, ka nisur t\u00eb flas\u00eb me nj\u00eb transmetim direkt n\u00ebp\u00ebrmjet rrjetit social, Facebook. Ende pa nisur zyrtarisht Kuvendi, deputet\u00ebt e opozit\u00ebs kan\u00eb tentuar q\u00eb t\u00eb hyjn\u00eb t\u00eb par\u00ebt n\u00eb sall\u00eb, nd\u00ebrkoh\u00eb q\u00eb jan\u00eb hasur me rezistenc\u00ebn e Gard\u00ebs, e cila ka &hellip;<\/p>\n","protected":false},"author":4,"featured_media":65427,"comment_status":"closed","ping_status":"closed","sticky":false,"template":"","format":"standard","meta":{"footnotes":""},"categories":[37],"tags":[],"class_list":["post-65426","post","type-post","status-publish","format-standard","has-post-thumbnail","","category-politike"],"_links":{"self":[{"href":"https:\/\/rdnews.al\/index.php\/wp-json\/wp\/v2\/posts\/65426","targetHints":{"allow":["GET"]}}],"collection":[{"href":"https:\/\/rdnews.al\/index.php\/wp-json\/wp\/v2\/posts"}],"about":[{"href":"https:\/\/rdnews.al\/index.php\/wp-json\/wp\/v2\/types\/post"}],"author":[{"embeddable":true,"href":"https:\/\/rdnews.al\/index.php\/wp-json\/wp\/v2\/users\/4"}],"replies":[{"embeddable":true,"href":"https:\/\/rdnews.al\/index.php\/wp-json\/wp\/v2\/comments?post=65426"}],"version-history":[{"count":0,"href":"https:\/\/rdnews.al\/index.php\/wp-json\/wp\/v2\/posts\/65426\/revisions"}],"wp:featuredmedia":[{"embeddable":true,"href":"https:\/\/rdnews.al\/index.php\/wp-json\/wp\/v2\/media\/65427"}],"wp:attachment":[{"href":"https:\/\/rdnews.al\/index.php\/wp-json\/wp\/v2\/media?parent=65426"}],"wp:term":[{"taxonomy":"category","embeddable":true,"href":"https:\/\/rdnews.al\/index.php\/wp-json\/wp\/v2\/categories?post=65426"},{"taxonomy":"post_tag","embeddable":true,"href":"https:\/\/rdnews.al\/index.php\/wp-json\/wp\/v2\/tags?post=65426"}],"curies":[{"name":"wp","href":"https:\/\/api.w.org\/{rel}","templated":true}]}}