{"id":65476,"date":"2023-12-04T12:10:12","date_gmt":"2023-12-04T12:10:12","guid":{"rendered":"https:\/\/rdnews.al\/?p=65476"},"modified":"2023-12-04T12:10:12","modified_gmt":"2023-12-04T12:10:12","slug":"vrasesi-i-14-vjecares-ne-maqedoni-strehohet-ne-beograd-drejtonte-parti-pro-ruse","status":"publish","type":"post","link":"https:\/\/rdnews.al\/index.php\/2023\/12\/04\/vrasesi-i-14-vjecares-ne-maqedoni-strehohet-ne-beograd-drejtonte-parti-pro-ruse\/","title":{"rendered":"Vras\u00ebsi i 14-vje\u00e7ares n\u00eb Maqedoni strehohet n\u00eb Beograd, drejtonte parti pro ruse"},"content":{"rendered":"<p>Maqedonia \u00ebsht\u00eb tronditur nga nj\u00eb ngjarje e r\u00ebnd\u00eb ku kan\u00eb mbetur t\u00eb vrar\u00eb dy persona, nd\u00ebrsa kryersi i vrasjes s\u00eb dyfisht\u00eb \u00ebsht\u00eb person i njejt\u00eb i cili sipas ministrit t\u00eb pun\u00ebve t\u00eb brendshme, Oliver Spasovski, ka ikur nga Maqedonia dhe gjendet n\u00eb Beograd, njofton Telegrafi Maqedoni.<\/p>\n<p>Viktima e par\u00eb, Pan\u00e7e Zhezhovski, 74 vje\u00e7ar nga Velesi, i paraqitur si i humbur nga 24 n\u00ebntori, \u00ebsht\u00eb vrar\u00eb vet\u00ebm p\u00ebrshkak t\u00eb nj\u00eb konflikti t\u00eb m\u00ebhersh\u00ebm me Palevskin, t\u00eb dyshuar p\u00ebr vrasjen e dyfisht\u00eb. Viktim\u00ebs s\u00eb par\u00eb, pas vrasjes i \u00ebsht\u00eb marr\u00eb vetura dhe me vetur\u00ebn e tij, citroen, \u00ebsht\u00eb kryer edhe kidnapimi i vajz\u00ebs s\u00eb mitur, q\u00eb tashm\u00eb \u00ebsht\u00eb vrar\u00eb.<\/p>\n<p>Viktima e dyt\u00eb \u00ebsht\u00eb Vanja Gjor\u00e7evska, 14 vje\u00e7are nga Shkupi, e paraqitur si e humbur nga 27 n\u00ebntori, \u00ebsht\u00eb vrar\u00eb dy or\u00eb m\u00eb von\u00eb pasi \u00ebsht\u00eb kidnapuar. Q\u00ebllimi i kidnapimit ka qen\u00eb kusht\u00ebzimi i n\u00ebn\u00ebs s\u00eb vajz\u00ebs p\u00ebr t\u00eb marr\u00eb para nga ajo. Sipas prokurorit Gavril Bubevski, n\u00eb k\u00ebt\u00eb rast \u00ebsht\u00eb p\u00ebrfshir\u00eb edhe babai i Vanj\u00ebs, Aleksandri, i cili ka dh\u00ebn\u00eb informacione p\u00ebr vendet ku ka l\u00ebvizur vajza dhe kur ka qen\u00eb e vetme. Sipas policis\u00eb dhe prokuroris\u00eb, kidnapuesit nuk kan\u00eb arritur t\u00eb kusht\u00ebzojn\u00eb n\u00ebn\u00ebn p\u00ebr para pasi vrasjen e vajz\u00ebs e kan\u00eb kryer vet\u00ebm dy or\u00eb pasi e kan\u00eb realizuar rr\u00ebmbimin.<\/p>\n<p><strong>Parat\u00eb e banes\u00ebs s\u00eb shitur kan\u00eb qen\u00eb arsyeja q\u00eb t\u00eb kusht\u00ebzohet n\u00ebna e Vanj\u00ebs<\/strong><\/p>\n<p>Parat\u00eb e banes\u00ebs s\u00eb shitur kan\u00eb qen\u00eb arsyeja q\u00eb t\u00eb kusht\u00ebzohet n\u00ebna e Vanj\u00ebs<br \/>\nP\u00ebr k\u00ebt\u00eb vrasje dyshohen pes\u00eb persona. Vlatko Kekishov \u00ebsht\u00eb ndaluar dhe i \u00ebsht\u00eb caktuar mas\u00eb paraburgimi. Velibor Manev \u00ebsht\u00eb personi i dyt\u00eb me paraburgim. Prokuroriaka k\u00ebrkuar paraburgim edhe p\u00ebr personin e tret\u00eb Bore Videvski nga Velesi. Person i kat\u00ebrt i p\u00ebrfshir\u00eb n\u00eb kidnapim t\u00eb vajz\u00ebs, Vanja Gjor\u00e7evska \u00ebsht\u00eb babai i s\u00eb mitur\u00ebs, i cili sipas prokurorit, ka ndihmuar me informacione rreth ndodhjes s\u00eb vajz\u00ebs. Personi i arratisur \u00ebsht\u00eb Lup\u00e7o Palevski, i cili sipas institucioneve gjendet n\u00eb Beograd ku ka ikur s\u00eb bashku me avokatin e tij.<\/p>\n","protected":false},"excerpt":{"rendered":"<p>Maqedonia \u00ebsht\u00eb tronditur nga nj\u00eb ngjarje e r\u00ebnd\u00eb ku kan\u00eb mbetur t\u00eb vrar\u00eb dy persona, nd\u00ebrsa kryersi i vrasjes s\u00eb dyfisht\u00eb \u00ebsht\u00eb person i njejt\u00eb i cili sipas ministrit t\u00eb pun\u00ebve t\u00eb brendshme, Oliver Spasovski, ka ikur nga Maqedonia dhe gjendet n\u00eb Beograd, njofton Telegrafi Maqedoni. Viktima e par\u00eb, Pan\u00e7e Zhezhovski, 74 vje\u00e7ar nga Velesi, &hellip;<\/p>\n","protected":false},"author":4,"featured_media":65477,"comment_status":"closed","ping_status":"closed","sticky":false,"template":"","format":"standard","meta":{"footnotes":""},"categories":[38],"tags":[],"class_list":["post-65476","post","type-post","status-publish","format-standard","has-post-thumbnail","","category-bota"],"_links":{"self":[{"href":"https:\/\/rdnews.al\/index.php\/wp-json\/wp\/v2\/posts\/65476","targetHints":{"allow":["GET"]}}],"collection":[{"href":"https:\/\/rdnews.al\/index.php\/wp-json\/wp\/v2\/posts"}],"about":[{"href":"https:\/\/rdnews.al\/index.php\/wp-json\/wp\/v2\/types\/post"}],"author":[{"embeddable":true,"href":"https:\/\/rdnews.al\/index.php\/wp-json\/wp\/v2\/users\/4"}],"replies":[{"embeddable":true,"href":"https:\/\/rdnews.al\/index.php\/wp-json\/wp\/v2\/comments?post=65476"}],"version-history":[{"count":0,"href":"https:\/\/rdnews.al\/index.php\/wp-json\/wp\/v2\/posts\/65476\/revisions"}],"wp:featuredmedia":[{"embeddable":true,"href":"https:\/\/rdnews.al\/index.php\/wp-json\/wp\/v2\/media\/65477"}],"wp:attachment":[{"href":"https:\/\/rdnews.al\/index.php\/wp-json\/wp\/v2\/media?parent=65476"}],"wp:term":[{"taxonomy":"category","embeddable":true,"href":"https:\/\/rdnews.al\/index.php\/wp-json\/wp\/v2\/categories?post=65476"},{"taxonomy":"post_tag","embeddable":true,"href":"https:\/\/rdnews.al\/index.php\/wp-json\/wp\/v2\/tags?post=65476"}],"curies":[{"name":"wp","href":"https:\/\/api.w.org\/{rel}","templated":true}]}}