{"id":6551,"date":"2022-03-09T21:06:08","date_gmt":"2022-03-09T21:06:08","guid":{"rendered":"https:\/\/rdnews.al\/?p=6551"},"modified":"2022-03-09T21:06:08","modified_gmt":"2022-03-09T21:06:08","slug":"leskaj-nisi-stina-e-protestave-rama-jo-me-i-pathyeshem","status":"publish","type":"post","link":"https:\/\/rdnews.al\/index.php\/2022\/03\/09\/leskaj-nisi-stina-e-protestave-rama-jo-me-i-pathyeshem\/","title":{"rendered":"Leskaj: Nisi stina e protestave, Rama jo m\u00eb i pathyesh\u00ebm!"},"content":{"rendered":"<p><strong>Nga Bujar LESKAJ<\/strong><\/p>\n<p>Sot ndoshta filloi pranvera shqiptare, stina e protestave, e cila do t\u2019u d\u00ebshmoj\u00eb t\u00eb gjith\u00ebve se Rama dhe sekti i tij nuk jan\u00eb t\u00eb pathyesh\u00ebm, e t\u00eb pac\u00ebnuesh\u00ebm.<\/p>\n<p>Ata mij\u00ebra njer\u00ebz sot n\u00eb shesh, q\u00eb do t\u00eb mblidhen dit\u00eb p\u00ebr dit\u00eb do t\u2019u tregojn\u00eb t\u00eb gjith\u00ebve q\u00eb e kan\u00eb gabim po menduan me arroganc\u00eb se mund t\u00eb tallen me popullin.<\/p>\n<p>Shqiptar\u00ebt nuk jan\u00eb t\u00eb varf\u00ebr, jan\u00eb t\u00eb vjedhur!<\/p>\n<p>Shqiptar\u00ebt nuk jan\u00eb pa dinjitet; e d\u00ebshmuan sot. Do ta d\u00ebshmojn\u00eb edhe nes\u00ebr.<br \/>\nShqiptar\u00ebt nuk jan\u00eb t\u00eb varf\u00ebr, por kan\u00eb nj\u00eb kryeminist\u00ebr harbut q\u00eb ka mbi dy dekada n\u00eb maj\u00eb t\u00eb pushtetit dhe p\u00ebrpiqet t\u00eb intimidoj\u00eb shqiptar\u00ebt, duke u th\u00ebn\u00eb se kaq meritojn\u00eb dhe t\u00eb mos pretendojn\u00eb shum\u00eb.<\/p>\n<p>Shqiptar\u00ebt jan\u00eb t\u00eb vjedhur nga nj\u00eb sekt, q\u00eb nd\u00ebrkoh\u00eb q\u00eb \u00e7mimet prekin stratosfer\u00ebn, duke varf\u00ebruar gjithnj\u00eb e m\u00eb shum\u00eb shqiptar\u00ebt, ata festojn\u00eb n\u00eb Dubai me udh\u00ebtime luksoze private.<\/p>\n<p>Shqiptar\u00ebt d\u00ebshmuan sot n\u00eb protest\u00eb se jan\u00eb t\u00eb kthjell\u00ebt, se kan\u00eb guxim, mendim, energji; din\u00eb t\u00eb organizohen e t\u00eb reagojn\u00eb.<\/p>\n<p>\u00c7far\u00eb do t\u2019i ngelej sektit armiq\u00ebsor n\u00eb qeveri p\u00ebrball\u00eb nj\u00eb modeli t\u00eb till\u00eb politik e reagimi t\u00eb till\u00eb qytetar?<\/p>\n<p>Do t\u00eb vazhdonin t\u00eb ishin kaq arrogant\u00eb, hajdut\u00eb e armiq\u00ebsor\u00eb me popullin?<br \/>\nJo!<\/p>\n<p>P\u00ebrball\u00eb reagimit masiv t\u00eb shqiptar\u00ebve, sektit Rama do t\u2019i ngeleshin ve\u00e7se disfata, frika, zmbrapsja, arratisja.<\/p>\n<p>Ata mij\u00ebra qytetar\u00eb sot p\u00ebrpara kryeministris\u00eb d\u00ebshmuan se protestat e vazhdueshme do ta rr\u00ebzojn\u00eb k\u00ebt\u00eb qeveri; d\u00ebshmuan se shqiptar\u00ebt e nd\u00ebrgjegjsh\u00ebm v\u00ebshtir\u00eb se do ta shesin p\u00ebr miell vot\u00ebn e tyre; d\u00ebshmuan se nuk do t\u00eb lejojn\u00eb m\u00eb keqqeverisjen.<\/p>\n<p>A ka rrug\u00eb p\u00ebr daljen nga kjo kriz\u00eb e stimuluar nga qeveria dhe oligark\u00ebt?<br \/>\nPo, ka!<\/p>\n<p>Rama t\u00eb heq\u00eb urgjentisht taks\u00ebn e qarkullimit dhe TVSH nga nafta dhe energjia elektrike, si dhe t\u00eb p\u00ebrgatis\u00eb menj\u00ebher\u00eb nj\u00eb paket\u00eb solidariteti p\u00ebr familjet n\u00eb nevoj\u00eb q\u00eb t\u00eb p\u00ebrballohet kriza.<\/p>\n<p>Sot, mij\u00ebra qytetar\u00eb dol\u00ebn spontanisht n\u00eb shesh!<br \/>\nNes\u00ebr, t\u00eb organizuar dhe me mb\u00ebshtetjen e sinqert\u00eb dhe reale t\u00eb opozit\u00ebs, k\u00ebt\u00eb regjim ata e hedhin n\u00eb Lan\u00eb!<\/p>\n","protected":false},"excerpt":{"rendered":"<p>Nga Bujar LESKAJ Sot ndoshta filloi pranvera shqiptare, stina e protestave, e cila do t\u2019u d\u00ebshmoj\u00eb t\u00eb gjith\u00ebve se Rama dhe sekti i tij nuk jan\u00eb t\u00eb pathyesh\u00ebm, e t\u00eb pac\u00ebnuesh\u00ebm. Ata mij\u00ebra njer\u00ebz sot n\u00eb shesh, q\u00eb do t\u00eb mblidhen dit\u00eb p\u00ebr dit\u00eb do t\u2019u tregojn\u00eb t\u00eb gjith\u00ebve q\u00eb e kan\u00eb gabim po menduan &hellip;<\/p>\n","protected":false},"author":4,"featured_media":3523,"comment_status":"open","ping_status":"open","sticky":false,"template":"","format":"standard","meta":{"footnotes":""},"categories":[44],"tags":[],"class_list":["post-6551","post","type-post","status-publish","format-standard","has-post-thumbnail","","category-editorial"],"_links":{"self":[{"href":"https:\/\/rdnews.al\/index.php\/wp-json\/wp\/v2\/posts\/6551","targetHints":{"allow":["GET"]}}],"collection":[{"href":"https:\/\/rdnews.al\/index.php\/wp-json\/wp\/v2\/posts"}],"about":[{"href":"https:\/\/rdnews.al\/index.php\/wp-json\/wp\/v2\/types\/post"}],"author":[{"embeddable":true,"href":"https:\/\/rdnews.al\/index.php\/wp-json\/wp\/v2\/users\/4"}],"replies":[{"embeddable":true,"href":"https:\/\/rdnews.al\/index.php\/wp-json\/wp\/v2\/comments?post=6551"}],"version-history":[{"count":0,"href":"https:\/\/rdnews.al\/index.php\/wp-json\/wp\/v2\/posts\/6551\/revisions"}],"wp:featuredmedia":[{"embeddable":true,"href":"https:\/\/rdnews.al\/index.php\/wp-json\/wp\/v2\/media\/3523"}],"wp:attachment":[{"href":"https:\/\/rdnews.al\/index.php\/wp-json\/wp\/v2\/media?parent=6551"}],"wp:term":[{"taxonomy":"category","embeddable":true,"href":"https:\/\/rdnews.al\/index.php\/wp-json\/wp\/v2\/categories?post=6551"},{"taxonomy":"post_tag","embeddable":true,"href":"https:\/\/rdnews.al\/index.php\/wp-json\/wp\/v2\/tags?post=6551"}],"curies":[{"name":"wp","href":"https:\/\/api.w.org\/{rel}","templated":true}]}}