{"id":65569,"date":"2023-12-05T09:48:42","date_gmt":"2023-12-05T09:48:42","guid":{"rendered":"https:\/\/rdnews.al\/?p=65569"},"modified":"2023-12-05T09:48:42","modified_gmt":"2023-12-05T09:48:42","slug":"dredha-dhe-kukullat-e-tij-votojne-kunder-rezolutes-per-dhunen-ndaj-grave","status":"publish","type":"post","link":"https:\/\/rdnews.al\/index.php\/2023\/12\/05\/dredha-dhe-kukullat-e-tij-votojne-kunder-rezolutes-per-dhunen-ndaj-grave\/","title":{"rendered":"Dredha dhe kukullat e tij votojn\u00eb kund\u00ebr rezolut\u00ebs p\u00ebr dhun\u00ebn ndaj grave"},"content":{"rendered":"<p><strong>Reagim i kryetarit t\u00eb PD Vlor\u00eb, Atird Hoxha<\/strong><\/p>\n<p>Pak dit\u00eb m\u00eb par\u00eb, duke marre shkas nga ngjarja e r\u00ebnd\u00eb q\u00eb ndodhi n\u00eb qytetin e Vlor\u00ebs n\u00eb muajin tetor, grupi i k\u00ebshilltar\u00ebve t\u00eb opozi\u00ebes depozitoi n\u00eb K\u00ebshillin e Bashkis\u00eb nj\u00eb rezolut\u00eb \u201cP\u00cbR D\u00cbNIMIN E DHUN\u00cbS NDAJ GRAVE E VAJZAVE\u201d.<\/p>\n<p>Por \u00e7fare ndodhi me kete rezolute do te thoni ju te nderuar qytetare?<br \/>\nMe urdher direkt te kryetarit te Bashkise Vlore, Dredha II, me ane te kukullave te tij ne Keshillin e Bashkise, nga ana e mazhorances u votuan kunder kesaj rezolute.<\/p>\n<p>Sot si per \u00e7udi, jep mend qe te \u201cInvestojme ne parandalimin e dhunes ndaj grave dhe vajzave\u201d!<\/p>\n<p>E para qe duhet te besh dhe qe nuk e ke bere akoma, eshte qe publikisht te denosh ate ngjarje.<\/p>\n<p>E dyta, te kerkosh ndjese per urdherin qe u dhe keshilltareve \u201crilindas\u201d te votonin kunder rezolutes se paraqitur nga opozita.<\/p>\n<p>Edhe pse jam i bindur qe asnje nga te dyja nuk do te ndodhi, sepse ka nje shpjegim dhe ate e dine te gjithe ne qytetin tone.<\/p>\n<p>Arsyeja eshte se ne krahun tend dhe ne radhet e keshilltareve socialiste qendrojne njerez, te cilet sipas organit te akuzes kane familjare te perfshire ne ate ngjarje.<\/p>\n<p>Ndaj mos u bej me qesharak duke na shitur mendje me pseudo-aktivitete, por bej hapa konkrete per mbrojtjen e grave dhe vajzave.<\/p>\n<p><img loading=\"lazy\" decoding=\"async\" class=\"alignnone size-medium wp-image-65571\" src=\"https:\/\/rdnews.al\/wp-content\/uploads\/2023\/12\/w-1-222x300.jpg\" alt=\"\" width=\"222\" height=\"300\" srcset=\"https:\/\/rdnews.al\/wp-content\/uploads\/2023\/12\/w-1-222x300.jpg 222w, https:\/\/rdnews.al\/wp-content\/uploads\/2023\/12\/w-1-758x1024.jpg 758w, https:\/\/rdnews.al\/wp-content\/uploads\/2023\/12\/w-1-768x1037.jpg 768w, https:\/\/rdnews.al\/wp-content\/uploads\/2023\/12\/w-1-1138x1536.jpg 1138w, https:\/\/rdnews.al\/wp-content\/uploads\/2023\/12\/w-1.jpg 1217w\" sizes=\"auto, (max-width: 222px) 100vw, 222px\" \/><\/p>\n","protected":false},"excerpt":{"rendered":"<p>Reagim i kryetarit t\u00eb PD Vlor\u00eb, Atird Hoxha Pak dit\u00eb m\u00eb par\u00eb, duke marre shkas nga ngjarja e r\u00ebnd\u00eb q\u00eb ndodhi n\u00eb qytetin e Vlor\u00ebs n\u00eb muajin tetor, grupi i k\u00ebshilltar\u00ebve t\u00eb opozi\u00ebes depozitoi n\u00eb K\u00ebshillin e Bashkis\u00eb nj\u00eb rezolut\u00eb \u201cP\u00cbR D\u00cbNIMIN E DHUN\u00cbS NDAJ GRAVE E VAJZAVE\u201d. Por \u00e7fare ndodhi me kete rezolute do &hellip;<\/p>\n","protected":false},"author":4,"featured_media":65570,"comment_status":"closed","ping_status":"closed","sticky":false,"template":"","format":"standard","meta":{"footnotes":""},"categories":[37],"tags":[],"class_list":["post-65569","post","type-post","status-publish","format-standard","has-post-thumbnail","","category-politike"],"_links":{"self":[{"href":"https:\/\/rdnews.al\/index.php\/wp-json\/wp\/v2\/posts\/65569","targetHints":{"allow":["GET"]}}],"collection":[{"href":"https:\/\/rdnews.al\/index.php\/wp-json\/wp\/v2\/posts"}],"about":[{"href":"https:\/\/rdnews.al\/index.php\/wp-json\/wp\/v2\/types\/post"}],"author":[{"embeddable":true,"href":"https:\/\/rdnews.al\/index.php\/wp-json\/wp\/v2\/users\/4"}],"replies":[{"embeddable":true,"href":"https:\/\/rdnews.al\/index.php\/wp-json\/wp\/v2\/comments?post=65569"}],"version-history":[{"count":0,"href":"https:\/\/rdnews.al\/index.php\/wp-json\/wp\/v2\/posts\/65569\/revisions"}],"wp:featuredmedia":[{"embeddable":true,"href":"https:\/\/rdnews.al\/index.php\/wp-json\/wp\/v2\/media\/65570"}],"wp:attachment":[{"href":"https:\/\/rdnews.al\/index.php\/wp-json\/wp\/v2\/media?parent=65569"}],"wp:term":[{"taxonomy":"category","embeddable":true,"href":"https:\/\/rdnews.al\/index.php\/wp-json\/wp\/v2\/categories?post=65569"},{"taxonomy":"post_tag","embeddable":true,"href":"https:\/\/rdnews.al\/index.php\/wp-json\/wp\/v2\/tags?post=65569"}],"curies":[{"name":"wp","href":"https:\/\/api.w.org\/{rel}","templated":true}]}}