{"id":65590,"date":"2023-12-05T11:28:52","date_gmt":"2023-12-05T11:28:52","guid":{"rendered":"https:\/\/rdnews.al\/?p=65590"},"modified":"2023-12-05T11:34:20","modified_gmt":"2023-12-05T11:34:20","slug":"afera-rama-bolino-berisha-publikon-dokumentin-vetem-qiraja-shkon-1-4-milione-euro-per-20-vite","status":"publish","type":"post","link":"https:\/\/rdnews.al\/index.php\/2023\/12\/05\/afera-rama-bolino-berisha-publikon-dokumentin-vetem-qiraja-shkon-1-4-milione-euro-per-20-vite\/","title":{"rendered":"Afera Rama-Bolino\/ Berisha publikon dokumentin: Vet\u00ebm qiraja shkon 1.4 milion\u00eb euro p\u00ebr 20 vite"},"content":{"rendered":"<p>Kryetari i PD, Sali Berisha, gjat\u00eb konferenc\u00ebs p\u00ebr shtyp, publikoi nj\u00eb dokument tjet\u00ebr p\u00ebr afer\u00ebn Rama-Bolino. Berisha tha se, vet\u00ebm qiraja do t\u00eb shkonte 1.4 milion\u00eb euro p\u00ebr 20 vite.<br \/>\n\u201cTani vazhdojm\u00eb gjyqin ndaj hajdutit m\u00eb t\u00eb madh n\u00eb historin\u00eb e shtetit shqiptar, por edhe n\u00eb koh\u00ebra, gjyqin ndaj Edi Ram\u00ebs.<br \/>\nN\u00eb nj\u00eb seri seancash kemi paraqitur k\u00ebtu, me fakte, dokumente, se si Edi Rama me 4 vendime qeveritare t\u00eb personalizuara, t\u00eb personalizuara, rr\u00ebmbeu me Karlo Bolinon 4900 met\u00ebr tok\u00eb pronar\u00ebve.<br \/>\nSe si Edi Rama me Bolinon e tij, apo duke p\u00ebrdorur emrin e Bolinos, mori nga toka e Begejve, tre her\u00eb m\u00eb shum\u00eb se pasardh\u00ebsit e tyre.<br \/>\nSe si p\u00ebr t\u00eb rr\u00ebmbyer k\u00ebt\u00eb tok\u00eb, firmosi 4 vendime qeveritare, nd\u00ebrkoh\u00eb q\u00eb mban n\u00eb arrest, njeriun q\u00eb ka marr\u00eb n\u00eb p\u00ebrputhje me t\u00eb gjitha lidhet dhe asnj\u00eb vendim t\u00eb personalizuar, at\u00eb q\u00eb ka marr\u00eb 408 met\u00ebr tok\u00eb, vet\u00ebm e vet\u00ebm p\u00ebr motive politike.<br \/>\nJu jeni njohur me aktin e pashembullt t\u00eb kat\u00ebr vendimeve p\u00ebr grabitjen e tok\u00ebs. Ja ku jan\u00eb t\u00eb gjitha vendimet e personalizuara p\u00ebr kompanin\u00eb q\u00eb ai ka me Bolinon e tij.<br \/>\nDhe kjo tok\u00eb \u00ebsht\u00eb marr\u00eb gjimnazit. Rama me Bolinon kan\u00eb p\u00ebrvet\u00ebsuar tok\u00ebn, e cila n\u00eb planin rregullator t\u00eb p\u00ebrgjithsh\u00ebm t\u00eb Tiran\u00ebs, n\u00eb rrug\u00ebn Ndre Mjeda, caktohet nd\u00ebrtimi i shkoll\u00ebs s\u00eb mesme.<br \/>\nKy \u00ebsht\u00eb nj\u00eb krim i dyfisht\u00eb, \u00ebsht\u00eb nj\u00eb vjedhje n\u00eb vak\u00ebf, \u00ebsht\u00eb nj\u00eb vjedhje p\u00ebr f\u00ebmij\u00ebt e territorit ku do nd\u00ebrtohej shkolla. \u00cbsht\u00eb nj\u00eb pam\u00ebshir\u00ebsi e madhe.<br \/>\nDesha t\u00eb paraqes para jush k\u00ebt\u00eb dokument t\u00eb ve\u00e7ant\u00eb. \u00c7far\u00eb tregon? Ky dokument se n\u00eb buletinin num\u00ebr 29 me dat\u00eb 22.07.209, Agjencia e Prokurimit Publik dhe Ministria e Financave publikojn\u00eb njoftimin p\u00ebr dh\u00ebnie me qira t\u00eb pasuris\u00eb 7\/649 me sip\u00ebrfaqe t\u00eb p\u00ebrgjithshme 4021 metra katror\u00eb.<br \/>\nIshte e para kjo, pasi shtoi 800 e ca metra k\u00ebtu Rama. Me vendimin e dyt\u00eb, Rama shton 800 e ca metra.<br \/>\nPra, dh\u00ebnien me qira, e cila thot\u00eb se vlera dysheme p\u00ebr detyrimin e qiras\u00eb p\u00ebr fillimin e konkurrimit \u00ebsht\u00eb 631 mij\u00eb lek\u00eb n\u00eb muaj. Se ishin tre nd\u00ebrtesa.<br \/>\nN\u00ebse i mblidhni p\u00ebr nj\u00eb vit, b\u00ebjn\u00eb 74 mij\u00eb euro n\u00eb vit. N\u00eb 20 vite, b\u00ebjn\u00eb 1 milion e 400 mij\u00eb euro. Pra, vet\u00ebm sikur me qira t\u00eb jepej, nga ky territor, qytetar\u00ebt e Tiran\u00ebs fitonin 1.4 milion\u00eb euro.<br \/>\n\u00c7far\u00eb ndodh? Me deus ex machina, kalohet nga 63 mij\u00eb euro qiraje, Denaj me Ram\u00ebn e kalojn\u00eb n\u00eb 1 euro.<br \/>\nDy muaj mbrapa b\u00ebjn\u00eb vendimin dhe zon\u00ebn e marrin bashk\u00eb me Bolinon me 1 euro. Pastaj ndryshojn\u00eb edhe kontrat\u00ebn dhe e shtojn\u00eb edhe me 800 met\u00ebr katror\u00eb. Me t\u00eb tret\u00ebn, vendosin fshirjen e objekteve\u201d, u shpreh Berisha.<\/p>\n","protected":false},"excerpt":{"rendered":"<p>Kryetari i PD, Sali Berisha, gjat\u00eb konferenc\u00ebs p\u00ebr shtyp, publikoi nj\u00eb dokument tjet\u00ebr p\u00ebr afer\u00ebn Rama-Bolino. Berisha tha se, vet\u00ebm qiraja do t\u00eb shkonte 1.4 milion\u00eb euro p\u00ebr 20 vite. \u201cTani vazhdojm\u00eb gjyqin ndaj hajdutit m\u00eb t\u00eb madh n\u00eb historin\u00eb e shtetit shqiptar, por edhe n\u00eb koh\u00ebra, gjyqin ndaj Edi Ram\u00ebs. N\u00eb nj\u00eb seri seancash &hellip;<\/p>\n","protected":false},"author":4,"featured_media":65594,"comment_status":"closed","ping_status":"closed","sticky":false,"template":"","format":"standard","meta":{"footnotes":""},"categories":[37],"tags":[],"class_list":["post-65590","post","type-post","status-publish","format-standard","has-post-thumbnail","","category-politike"],"_links":{"self":[{"href":"https:\/\/rdnews.al\/index.php\/wp-json\/wp\/v2\/posts\/65590","targetHints":{"allow":["GET"]}}],"collection":[{"href":"https:\/\/rdnews.al\/index.php\/wp-json\/wp\/v2\/posts"}],"about":[{"href":"https:\/\/rdnews.al\/index.php\/wp-json\/wp\/v2\/types\/post"}],"author":[{"embeddable":true,"href":"https:\/\/rdnews.al\/index.php\/wp-json\/wp\/v2\/users\/4"}],"replies":[{"embeddable":true,"href":"https:\/\/rdnews.al\/index.php\/wp-json\/wp\/v2\/comments?post=65590"}],"version-history":[{"count":0,"href":"https:\/\/rdnews.al\/index.php\/wp-json\/wp\/v2\/posts\/65590\/revisions"}],"wp:featuredmedia":[{"embeddable":true,"href":"https:\/\/rdnews.al\/index.php\/wp-json\/wp\/v2\/media\/65594"}],"wp:attachment":[{"href":"https:\/\/rdnews.al\/index.php\/wp-json\/wp\/v2\/media?parent=65590"}],"wp:term":[{"taxonomy":"category","embeddable":true,"href":"https:\/\/rdnews.al\/index.php\/wp-json\/wp\/v2\/categories?post=65590"},{"taxonomy":"post_tag","embeddable":true,"href":"https:\/\/rdnews.al\/index.php\/wp-json\/wp\/v2\/tags?post=65590"}],"curies":[{"name":"wp","href":"https:\/\/api.w.org\/{rel}","templated":true}]}}