{"id":65595,"date":"2023-12-05T11:38:17","date_gmt":"2023-12-05T11:38:17","guid":{"rendered":"https:\/\/rdnews.al\/?p=65595"},"modified":"2023-12-05T11:38:17","modified_gmt":"2023-12-05T11:38:17","slug":"berisha-rama-firmosi-vete-lejen-e-ndertimit-per-godinen-3-kateshe-te-bolinos","status":"publish","type":"post","link":"https:\/\/rdnews.al\/index.php\/2023\/12\/05\/berisha-rama-firmosi-vete-lejen-e-ndertimit-per-godinen-3-kateshe-te-bolinos\/","title":{"rendered":"Berisha: Rama firmosi vet\u00eb lejen e nd\u00ebrtimit p\u00ebr godin\u00ebn 3-kat\u00ebshe t\u00eb Bolinos!"},"content":{"rendered":"<p>Kryetari i PD, Sali Berisha tha se, Edi Rama firmosi vet\u00eb lejen e nd\u00ebrtimit p\u00ebr godin\u00ebn 3-kat\u00ebshe t\u00eb Bolinos, kjo nuk ndodh as n\u00eb diktatur\u00eb. Ai tha se, Rama e firmosi vet\u00eb se ka pasur frik\u00eb se k\u00ebshilli do b\u00ebj\u00eb zhurm\u00eb t\u00eb madhe kur t\u00eb m\u00ebsoj\u00eb se po grabit tok\u00ebn e shkoll\u00ebs.<br \/>\n\u201cLeja e nd\u00ebrtimit e Edi Ram\u00ebs p\u00ebr Karlo Bolinon \u00ebsh\u00ebt unike n\u00eb bot\u00eb.<br \/>\nNuk ka kryeminist\u00ebr n\u00eb bot\u00eb, q\u00eb t\u00eb firmos\u00eb n\u00eb detyr\u00eb, nj\u00eb leje nd\u00ebrtimi p\u00ebr nj\u00eb nd\u00ebrtes\u00eb trekat\u00ebshe.<br \/>\n\u00cbsht\u00eb unike. \u00cbsht\u00eb unike! \u00cbsht\u00eb d\u00ebshmi e p\u00ebrqendrimit t\u00eb t\u00eb gjith\u00eb pushtetit t\u00eb tij p\u00ebr t\u00eb vjedhur dhe grabitur.<br \/>\nPse e ka firmosur vet\u00eb? Sepse ka pasur frik\u00eb se k\u00ebshilli do b\u00ebj\u00eb zhurm\u00eb t\u00eb madhe kur t\u00eb m\u00ebsoj\u00eb se po grabit tok\u00ebn e shkoll\u00ebs.<br \/>\nNuk ndodh, nuk gjen n\u00eb t\u00eb gjith\u00eb diktatur\u00ebn komuniste n\u00eb Shqip\u00ebri, nj\u00eb leje nd\u00ebrtimi e firmosur nga Mehmet Shehu, apo nga pasardh\u00ebsi i tij.<br \/>\nKjo ndodh vet\u00ebm n\u00eb nj\u00eb vend ku nj\u00eb njeri, q\u00eb p\u00ebr t\u2019u pasuruar vet\u00eb, \u00ebsht\u00eb i gatsh\u00ebm t\u00eb ushtroj\u00eb \u00e7do lloj pushteti, vet\u00ebm p\u00ebr t\u00eb vjedhur.<br \/>\nA ka d\u00ebshmi m\u00eb flagrante se kjo leje, p\u00ebr nj\u00eb nd\u00ebrtes\u00eb trekat\u00ebshe, e firmosur nga kryeministri, jasht\u00eb \u00e7do lloj kodi dhe ligji.<br \/>\nNatyrisht jo vet\u00ebm nga kryeministri, se pjesa tjet\u00ebr \u00ebsht\u00eb nga Anila Denaj, leja p\u00ebr t\u00eb nd\u00ebrtuar n\u00eb territorin e vjedhur.<br \/>\nKy \u00ebsht\u00eb dokumenti, i cili d\u00ebshmon edhe nj\u00ebher\u00eb n\u00eb m\u00ebnyr\u00ebn m\u00eb flagrante, aktin skandaloz t\u00eb rr\u00ebmbimit t\u00eb 4900 metra tok\u00eb, t\u00eb cil\u00ebn pronar\u00ebt e lan\u00eb vak\u00ebf p\u00ebr nd\u00ebrtimin e shkoll\u00ebs s\u00eb mesme n\u00eb territorin ku nuk kishte nj\u00eb t\u00eb till\u00eb.<br \/>\nKjo ishte ajo q\u00eb doja t\u00eb paraqisja, nes\u00ebr ose pasnes\u00ebr do ju njoh me nj\u00eb seri dokumentesh t\u00eb tjer\u00eb q\u00eb faktojn\u00eb veprat e penale q\u00eb kan\u00eb kryer Rama dhe Bolino n\u00eb k\u00ebt\u00eb vjedhje skandaloze.<br \/>\nN\u00eb k\u00ebt\u00eb vjedhje t\u00eb pashembullt.<br \/>\nPor thash\u00eb sot t\u00eb mbetemi te dokumenti. Ja ku jan\u00eb dy mafioz\u00eb t\u00eb kalibrit jo shqiptar, por n\u00eb dy gadishuj, shok\u00eb nuk kan\u00eb p\u00ebrve\u00e7 vetes s\u00eb tyre\u201d, tha Berisha.<\/p>\n","protected":false},"excerpt":{"rendered":"<p>Kryetari i PD, Sali Berisha tha se, Edi Rama firmosi vet\u00eb lejen e nd\u00ebrtimit p\u00ebr godin\u00ebn 3-kat\u00ebshe t\u00eb Bolinos, kjo nuk ndodh as n\u00eb diktatur\u00eb. Ai tha se, Rama e firmosi vet\u00eb se ka pasur frik\u00eb se k\u00ebshilli do b\u00ebj\u00eb zhurm\u00eb t\u00eb madhe kur t\u00eb m\u00ebsoj\u00eb se po grabit tok\u00ebn e shkoll\u00ebs. \u201cLeja e nd\u00ebrtimit &hellip;<\/p>\n","protected":false},"author":4,"featured_media":65596,"comment_status":"closed","ping_status":"closed","sticky":false,"template":"","format":"standard","meta":{"footnotes":""},"categories":[37],"tags":[],"class_list":["post-65595","post","type-post","status-publish","format-standard","has-post-thumbnail","","category-politike"],"_links":{"self":[{"href":"https:\/\/rdnews.al\/index.php\/wp-json\/wp\/v2\/posts\/65595","targetHints":{"allow":["GET"]}}],"collection":[{"href":"https:\/\/rdnews.al\/index.php\/wp-json\/wp\/v2\/posts"}],"about":[{"href":"https:\/\/rdnews.al\/index.php\/wp-json\/wp\/v2\/types\/post"}],"author":[{"embeddable":true,"href":"https:\/\/rdnews.al\/index.php\/wp-json\/wp\/v2\/users\/4"}],"replies":[{"embeddable":true,"href":"https:\/\/rdnews.al\/index.php\/wp-json\/wp\/v2\/comments?post=65595"}],"version-history":[{"count":0,"href":"https:\/\/rdnews.al\/index.php\/wp-json\/wp\/v2\/posts\/65595\/revisions"}],"wp:featuredmedia":[{"embeddable":true,"href":"https:\/\/rdnews.al\/index.php\/wp-json\/wp\/v2\/media\/65596"}],"wp:attachment":[{"href":"https:\/\/rdnews.al\/index.php\/wp-json\/wp\/v2\/media?parent=65595"}],"wp:term":[{"taxonomy":"category","embeddable":true,"href":"https:\/\/rdnews.al\/index.php\/wp-json\/wp\/v2\/categories?post=65595"},{"taxonomy":"post_tag","embeddable":true,"href":"https:\/\/rdnews.al\/index.php\/wp-json\/wp\/v2\/tags?post=65595"}],"curies":[{"name":"wp","href":"https:\/\/api.w.org\/{rel}","templated":true}]}}