{"id":65608,"date":"2023-12-05T10:04:42","date_gmt":"2023-12-05T10:04:42","guid":{"rendered":"https:\/\/rdnews.al\/?p=65608"},"modified":"2023-12-05T12:12:36","modified_gmt":"2023-12-05T12:12:36","slug":"ish-gjyqtari-italian-godet-jose-mourinhon","status":"publish","type":"post","link":"https:\/\/rdnews.al\/index.php\/2023\/12\/05\/ish-gjyqtari-italian-godet-jose-mourinhon\/","title":{"rendered":"Ish-gjyqtari italian \u201cgodet\u201d Mourinhon"},"content":{"rendered":"<p>Ish-gjyqtari i Serie A, Paolo Casarin, ka \u201cgoditur\u201d Jose Mourinhon pas komenteve ndaj gjyqtarit Matteo Marcenaro. Portugezi e kishte kritikuar Marcenaron n\u00eb prag t\u00eb ndeshjes Sassuolo-Roma t\u00eb shtun\u00ebn, duke th\u00ebn\u00eb se gjyqtari 31-vje\u00e7ar nuk kishte \u201cstabilitetin emocional p\u00ebr t\u00eb punuar n\u00eb k\u00ebt\u00eb nivel\u201d.<\/p>\n<p>Kjo b\u00ebri q\u00eb Federata e Futbollit e Italis\u00eb (FIGC) t\u00eb hap\u00eb nj\u00eb hetim p\u00ebr \u201cdeklarata t\u00eb d\u00ebmshme\u201d, k\u00ebshtu q\u00eb Mourinho tani mund t\u00eb gjobitet apo edhe t\u00eb suspendohet.<\/p>\n<p>Roma triumfoi 2:1 n\u00eb udh\u00ebtim ndaj Sassuolos, n\u00eb nj\u00eb ndeshje q\u00eb pa Marcenaro q\u00eb p\u00ebrjashtoi mesfushorin Daniel Boloca dhe i dha nj\u00eb penallti Rom\u00ebs. T\u00eb dy vendimet ishin t\u00eb sakta, sipas ekspert\u00ebve t\u00eb gjyqtar\u00ebve n\u00eb Itali.<\/p>\n<p>Mourinho u kritikua nga \u201cLa Gazzetta dello Sport\u201d t\u00eb h\u00ebn\u00ebn dhe ish-gjyqtari nd\u00ebrkomb\u00ebtar Casarin faj\u00ebsoi gjithashtu \u201cSpecial One\u201d pas fitores s\u00eb Rom\u00ebs.<\/p>\n<p>\u201cMarcenaro drejtoi mir\u00eb dje dhe Roma fitoi si\u00e7 e dim\u00eb me nj\u00eb goditje t\u00eb past\u00ebr p\u00ebr karton t\u00eb dhe nj\u00eb penallti t\u00eb past\u00ebr\u201d, tha Casarin p\u00ebr \u201cRadio 1\u201d.<\/p>\n<p>\u201cKjo ndodh n\u00eb shumic\u00ebn e ndeshjeve, por kur shoh nj\u00eb trajner t\u00eb madh si Mourinho duke th\u00ebn\u00eb disa gj\u00ebra para ndeshjes, di\u00e7ka nuk funksionon. Nuk duhet lejuar liria p\u00ebr t\u00eb kritikuar para se t\u00eb ndodh\u00eb di\u00e7ka, duke p\u00ebrmendur gj\u00ebra me vler\u00eb t\u00eb dob\u00ebt. Kjo duhet t\u00eb ndalet, nuk mund t\u00eb b\u00ebhet. K\u00ebta njer\u00ebz nuk duhet t\u00eb q\u00ebndrojn\u00eb n\u00eb stol. Nj\u00eb trajner i madh nuk i b\u00ebn kurr\u00eb k\u00ebto gj\u00ebra\u201d, deklaroi Paolo Casarin.<\/p>\n","protected":false},"excerpt":{"rendered":"<p>Ish-gjyqtari i Serie A, Paolo Casarin, ka \u201cgoditur\u201d Jose Mourinhon pas komenteve ndaj gjyqtarit Matteo Marcenaro. Portugezi e kishte kritikuar Marcenaron n\u00eb prag t\u00eb ndeshjes Sassuolo-Roma t\u00eb shtun\u00ebn, duke th\u00ebn\u00eb se gjyqtari 31-vje\u00e7ar nuk kishte \u201cstabilitetin emocional p\u00ebr t\u00eb punuar n\u00eb k\u00ebt\u00eb nivel\u201d. Kjo b\u00ebri q\u00eb Federata e Futbollit e Italis\u00eb (FIGC) t\u00eb hap\u00eb nj\u00eb &hellip;<\/p>\n","protected":false},"author":4,"featured_media":65610,"comment_status":"closed","ping_status":"closed","sticky":false,"template":"","format":"standard","meta":{"footnotes":""},"categories":[39],"tags":[],"class_list":["post-65608","post","type-post","status-publish","format-standard","has-post-thumbnail","","category-sport"],"_links":{"self":[{"href":"https:\/\/rdnews.al\/index.php\/wp-json\/wp\/v2\/posts\/65608","targetHints":{"allow":["GET"]}}],"collection":[{"href":"https:\/\/rdnews.al\/index.php\/wp-json\/wp\/v2\/posts"}],"about":[{"href":"https:\/\/rdnews.al\/index.php\/wp-json\/wp\/v2\/types\/post"}],"author":[{"embeddable":true,"href":"https:\/\/rdnews.al\/index.php\/wp-json\/wp\/v2\/users\/4"}],"replies":[{"embeddable":true,"href":"https:\/\/rdnews.al\/index.php\/wp-json\/wp\/v2\/comments?post=65608"}],"version-history":[{"count":0,"href":"https:\/\/rdnews.al\/index.php\/wp-json\/wp\/v2\/posts\/65608\/revisions"}],"wp:featuredmedia":[{"embeddable":true,"href":"https:\/\/rdnews.al\/index.php\/wp-json\/wp\/v2\/media\/65610"}],"wp:attachment":[{"href":"https:\/\/rdnews.al\/index.php\/wp-json\/wp\/v2\/media?parent=65608"}],"wp:term":[{"taxonomy":"category","embeddable":true,"href":"https:\/\/rdnews.al\/index.php\/wp-json\/wp\/v2\/categories?post=65608"},{"taxonomy":"post_tag","embeddable":true,"href":"https:\/\/rdnews.al\/index.php\/wp-json\/wp\/v2\/tags?post=65608"}],"curies":[{"name":"wp","href":"https:\/\/api.w.org\/{rel}","templated":true}]}}