{"id":65629,"date":"2023-12-05T17:33:44","date_gmt":"2023-12-05T17:33:44","guid":{"rendered":"https:\/\/rdnews.al\/?p=65629"},"modified":"2023-12-05T17:33:44","modified_gmt":"2023-12-05T17:33:44","slug":"babai-i-naim-murselit-eshte-takuar-me-ramen-biseduan-per-tu-bere-investitor-strategjik-ne-shqiperi","status":"publish","type":"post","link":"https:\/\/rdnews.al\/index.php\/2023\/12\/05\/babai-i-naim-murselit-eshte-takuar-me-ramen-biseduan-per-tu-bere-investitor-strategjik-ne-shqiperi\/","title":{"rendered":"Babai i Naim Murselit: \u00cbsht\u00eb takuar me Ram\u00ebn, biseduan p\u00ebr t\u2019u b\u00ebr\u00eb investitor strategjik n\u00eb Shqip\u00ebri"},"content":{"rendered":"<p>Babai i Naim Murselit, i cili akuzohet se porositi vrasjen e bashk\u00ebshortes s\u00eb tij, Shaban Murseli tha se djali i tij ka pasur dhe bisedime dhe takime n\u00eb Tiran\u00eb p\u00ebr t\u2019u b\u00ebr\u00eb investitor strategjik. N\u00eb nj\u00eb intervist\u00eb p\u00ebr emisionin \u2018Me zem\u00ebr t\u00eb hapur\u2019 n\u00eb News24 ai tha se djali nuk ka pastruar parat\u00eb e askujt, as t\u00eb politikan\u00ebve, pasi ka punuar vet\u00eb.<\/p>\n<p><strong>Si \u00ebsht\u00eb e mundur q\u00eb n\u00eb mosh\u00ebn q\u00eb ka Naimi t\u00eb ket\u00eb kaq shum\u00eb para dhe biznese?<\/strong><\/p>\n<p><em>Ka punuar q\u00eb n\u00eb mosh\u00ebn 14 -vje\u00e7are.<\/em><\/p>\n<p><strong>Djali juaj ka qen\u00eb shpesh n\u00eb Shqip\u00ebri n\u00eb takime me politikan\u00eb t\u00eb nivele t\u00eb larta.\u00a0Mesa di ka biseduar p\u00ebr investim strategjik n\u00eb Shqip\u00ebri? E vertet\u00eb \u00ebsht\u00eb kjo?<\/strong><\/p>\n<p><em>Po, n\u00eb Shqip\u00ebri ka takuar president\u00eb, kryeministra. Ka takuar Edi Ram\u00ebn. Ka qen\u00eb dhe n\u00eb \u00e7eljen e punimeve p\u00ebr aeroportin e Vlor\u00ebs.<\/em><\/p>\n","protected":false},"excerpt":{"rendered":"<p>Babai i Naim Murselit, i cili akuzohet se porositi vrasjen e bashk\u00ebshortes s\u00eb tij, Shaban Murseli tha se djali i tij ka pasur dhe bisedime dhe takime n\u00eb Tiran\u00eb p\u00ebr t\u2019u b\u00ebr\u00eb investitor strategjik. N\u00eb nj\u00eb intervist\u00eb p\u00ebr emisionin \u2018Me zem\u00ebr t\u00eb hapur\u2019 n\u00eb News24 ai tha se djali nuk ka pastruar parat\u00eb e askujt, &hellip;<\/p>\n","protected":false},"author":4,"featured_media":65574,"comment_status":"closed","ping_status":"closed","sticky":false,"template":"","format":"standard","meta":{"footnotes":""},"categories":[37],"tags":[],"class_list":["post-65629","post","type-post","status-publish","format-standard","has-post-thumbnail","","category-politike"],"_links":{"self":[{"href":"https:\/\/rdnews.al\/index.php\/wp-json\/wp\/v2\/posts\/65629","targetHints":{"allow":["GET"]}}],"collection":[{"href":"https:\/\/rdnews.al\/index.php\/wp-json\/wp\/v2\/posts"}],"about":[{"href":"https:\/\/rdnews.al\/index.php\/wp-json\/wp\/v2\/types\/post"}],"author":[{"embeddable":true,"href":"https:\/\/rdnews.al\/index.php\/wp-json\/wp\/v2\/users\/4"}],"replies":[{"embeddable":true,"href":"https:\/\/rdnews.al\/index.php\/wp-json\/wp\/v2\/comments?post=65629"}],"version-history":[{"count":0,"href":"https:\/\/rdnews.al\/index.php\/wp-json\/wp\/v2\/posts\/65629\/revisions"}],"wp:featuredmedia":[{"embeddable":true,"href":"https:\/\/rdnews.al\/index.php\/wp-json\/wp\/v2\/media\/65574"}],"wp:attachment":[{"href":"https:\/\/rdnews.al\/index.php\/wp-json\/wp\/v2\/media?parent=65629"}],"wp:term":[{"taxonomy":"category","embeddable":true,"href":"https:\/\/rdnews.al\/index.php\/wp-json\/wp\/v2\/categories?post=65629"},{"taxonomy":"post_tag","embeddable":true,"href":"https:\/\/rdnews.al\/index.php\/wp-json\/wp\/v2\/tags?post=65629"}],"curies":[{"name":"wp","href":"https:\/\/api.w.org\/{rel}","templated":true}]}}