{"id":65652,"date":"2023-12-06T10:19:02","date_gmt":"2023-12-06T10:19:02","guid":{"rendered":"https:\/\/rdnews.al\/?p=65652"},"modified":"2023-12-06T10:33:26","modified_gmt":"2023-12-06T10:33:26","slug":"berisha-sot-balla-perfaqeson-narkoshtetin-ne-komisionin-e-sigurise","status":"publish","type":"post","link":"https:\/\/rdnews.al\/index.php\/2023\/12\/06\/berisha-sot-balla-perfaqeson-narkoshtetin-ne-komisionin-e-sigurise\/","title":{"rendered":"Berisha: Sot Balla p\u00ebrfaq\u00ebson narkoshtetin n\u00eb Komisionin e Siguris\u00eb!"},"content":{"rendered":"<p>Kryetari i PD, Sali Berisha n\u00eb nj\u00eb prononcim p\u00ebr mediat para kryesis\u00eb s\u00eb Kuvendit u shpreh se, sot Balla p\u00ebrfaq\u00ebson narkoshtetin n\u00eb Komisionin e Siguris\u00eb. Berisha tha se, nuk ka fatkeq\u00ebsi si kjo p\u00ebr vendin.<br \/>\n\u201cU vendos t\u00eb vazhdoj\u00eb mosbindja civile me t\u00eb gjith\u00eb varitetet e saj.<br \/>\nNj\u00eb pjes\u00eb e deputet\u00ebve jan\u00eb tani n\u00eb Komisionin e Siguris\u00eb, ku nj\u00ebri nga kriminel\u00ebt m\u00eb t\u00eb rreziksh\u00ebm me kollare, t\u00eb Shqip\u00ebris\u00eb dhe rajonit, do referoj\u00eb n\u00eb em\u00ebr t\u00eb krimit dhe drog\u00ebs dhe t\u00eb lidhjeve t\u00eb tij q\u00eb ka.<br \/>\nNuk ka p\u00ebrqeshje m\u00eb t\u00eb madhe p\u00ebr k\u00ebt\u00eb komb se t\u00eb vendoset n\u00eb krye t\u00eb siguris\u00eb s\u00eb vendit, nj\u00eb individ i akuzuar n\u00eb sallat e gjyqit si njeri q\u00eb ka porositur vrasje.<br \/>\nI cili ka shoq\u00ebruar narkotrafikantin, bosin Edmond Bego, 54 her\u00eb me ngarkesa droge nga Tirana jasht\u00eb vendit.<br \/>\nI cili ka shoq\u00ebruar P\u00ebllumb Gjok\u00ebn disa her\u00eb nga Tirana n\u00eb Rom\u00eb. N\u00eb fakt ka mbrojtur me pasaport\u00ebn e tij diplomatike, transportin e drog\u00ebs p\u00ebr klanet kriminale.<br \/>\nP\u00ebrve\u00e7 k\u00ebsaj Balla \u00ebsht\u00eb i njohur me lidhjet e tij me Bajrat, si nj\u00eb zar i tyre, ku n\u00eb regjistrime ata shprehen se me t\u00eb e kemi zgjidhur problemin e ligjit t\u00eb loj\u00ebrave t\u00eb fatit.<br \/>\nPo ashtu me Rrajat, me band\u00ebn e Elbasanit, ku ky merret me tenderat q\u00eb duhet t\u00eb fitoj\u00eb nj\u00eb nga bandit\u00ebt e Elbasanit.<br \/>\nPra, sot ky p\u00ebrfaq\u00ebson narkoshtetin n\u00eb Komisionin e Siguris\u00eb. Nuk ka fatkeq\u00ebsi si kjo p\u00ebr vendin dhe ne e denoncojm\u00eb\u201d, tha Berisha.<\/p>\n","protected":false},"excerpt":{"rendered":"<p>Kryetari i PD, Sali Berisha n\u00eb nj\u00eb prononcim p\u00ebr mediat para kryesis\u00eb s\u00eb Kuvendit u shpreh se, sot Balla p\u00ebrfaq\u00ebson narkoshtetin n\u00eb Komisionin e Siguris\u00eb. Berisha tha se, nuk ka fatkeq\u00ebsi si kjo p\u00ebr vendin. \u201cU vendos t\u00eb vazhdoj\u00eb mosbindja civile me t\u00eb gjith\u00eb varitetet e saj. Nj\u00eb pjes\u00eb e deputet\u00ebve jan\u00eb tani n\u00eb Komisionin &hellip;<\/p>\n","protected":false},"author":4,"featured_media":65653,"comment_status":"closed","ping_status":"closed","sticky":false,"template":"","format":"standard","meta":{"footnotes":""},"categories":[37],"tags":[],"class_list":["post-65652","post","type-post","status-publish","format-standard","has-post-thumbnail","","category-politike"],"_links":{"self":[{"href":"https:\/\/rdnews.al\/index.php\/wp-json\/wp\/v2\/posts\/65652","targetHints":{"allow":["GET"]}}],"collection":[{"href":"https:\/\/rdnews.al\/index.php\/wp-json\/wp\/v2\/posts"}],"about":[{"href":"https:\/\/rdnews.al\/index.php\/wp-json\/wp\/v2\/types\/post"}],"author":[{"embeddable":true,"href":"https:\/\/rdnews.al\/index.php\/wp-json\/wp\/v2\/users\/4"}],"replies":[{"embeddable":true,"href":"https:\/\/rdnews.al\/index.php\/wp-json\/wp\/v2\/comments?post=65652"}],"version-history":[{"count":0,"href":"https:\/\/rdnews.al\/index.php\/wp-json\/wp\/v2\/posts\/65652\/revisions"}],"wp:featuredmedia":[{"embeddable":true,"href":"https:\/\/rdnews.al\/index.php\/wp-json\/wp\/v2\/media\/65653"}],"wp:attachment":[{"href":"https:\/\/rdnews.al\/index.php\/wp-json\/wp\/v2\/media?parent=65652"}],"wp:term":[{"taxonomy":"category","embeddable":true,"href":"https:\/\/rdnews.al\/index.php\/wp-json\/wp\/v2\/categories?post=65652"},{"taxonomy":"post_tag","embeddable":true,"href":"https:\/\/rdnews.al\/index.php\/wp-json\/wp\/v2\/tags?post=65652"}],"curies":[{"name":"wp","href":"https:\/\/api.w.org\/{rel}","templated":true}]}}