{"id":65657,"date":"2023-12-06T10:27:44","date_gmt":"2023-12-06T10:27:44","guid":{"rendered":"https:\/\/rdnews.al\/?p=65657"},"modified":"2023-12-06T10:30:55","modified_gmt":"2023-12-06T10:30:55","slug":"deputetet-e-opozites-bllokojne-komisionin-e-sigurise-socilaistet-ne-panik-dalin-nga-salla","status":"publish","type":"post","link":"https:\/\/rdnews.al\/index.php\/2023\/12\/06\/deputetet-e-opozites-bllokojne-komisionin-e-sigurise-socilaistet-ne-panik-dalin-nga-salla\/","title":{"rendered":"Deputet\u00ebt e opozit\u00ebs bllokojn\u00eb Komisionin e Siguris\u00eb, socilaist\u00ebt n\u00eb panik dalin nga salla"},"content":{"rendered":"<p>Deputet\u00ebt e opozit\u00ebs kan\u00eb bllokuar sot punimet e Komisionit t\u00eb Siguris\u00eb Komb\u00ebtare, t\u00eb mbledhur n\u00eb Kryesin\u00eb e Kuvendit.<\/p>\n<p>Deputeti i PD, Edmond Spaho i ka k\u00ebrkuar maxhoranc\u00ebs q\u00eb t\u00eb reflektoj\u00eb. Ai theksoi se p\u00ebr situat\u00ebn n\u00eb fjal\u00eb maxhoranca ka p\u00ebrgjegj\u00ebsi.<\/p>\n<p>\u201cKeni p\u00ebrgjegj\u00ebsi. Po t\u00eb ishit n\u00eb pozita parimore, s\u2019do t\u00eb arrinim k\u00ebtu. Reflektoni dhe k\u00ebrkoni q\u00eb t\u00eb kthehet normalitet\u201d, tha Spaho.<\/p>\n<p>Deputeti i PD, Flamur Noka u ul n\u00eb vendin e kryetarit t\u00eb komisionit, duke mos lejuar vazhdimin e punimeve sipas rendit t\u00eb dit\u00ebs t\u00eb p\u00ebrgatitur nga socialist\u00ebt.<\/p>\n<p>N\u00eb plan ishte shqyrtimi i\u00a0projektligjit \u201cP\u00ebr ratifikimin e protokollit, nd\u00ebrmjet K\u00ebshillit t\u00eb Ministrave t\u00eb Republik\u00ebs s\u00eb Shqip\u00ebris\u00eb dhe Qeveris\u00eb s\u00eb Republik\u00ebs Italiane, p\u00ebr forcimin e bashk\u00ebpunimit n\u00eb fush\u00ebn e migracionit\u201d n\u00eb cil\u00ebsin\u00eb komisionit p\u00ebrgjegj\u00ebs.<\/p>\n<p>N\u00eb k\u00ebt\u00eb Komision pritej t\u00eb merrte fjal\u00ebn,\u00a0ministri i Brendsh\u00ebm Taulant Balla, i akuzuar nga PD p\u00ebr lidhjet e tij me bos\u00eb t\u00eb krimit.\u00a0Pas vendosm\u00ebris\u00eb s\u00eb deputet\u00ebve opozitar\u00eb, socialist\u00ebt u detyruan t\u00eb dilnin nga salla.<\/p>\n","protected":false},"excerpt":{"rendered":"<p>Deputet\u00ebt e opozit\u00ebs kan\u00eb bllokuar sot punimet e Komisionit t\u00eb Siguris\u00eb Komb\u00ebtare, t\u00eb mbledhur n\u00eb Kryesin\u00eb e Kuvendit. Deputeti i PD, Edmond Spaho i ka k\u00ebrkuar maxhoranc\u00ebs q\u00eb t\u00eb reflektoj\u00eb. Ai theksoi se p\u00ebr situat\u00ebn n\u00eb fjal\u00eb maxhoranca ka p\u00ebrgjegj\u00ebsi. \u201cKeni p\u00ebrgjegj\u00ebsi. Po t\u00eb ishit n\u00eb pozita parimore, s\u2019do t\u00eb arrinim k\u00ebtu. Reflektoni dhe k\u00ebrkoni &hellip;<\/p>\n","protected":false},"author":4,"featured_media":65658,"comment_status":"closed","ping_status":"closed","sticky":false,"template":"","format":"standard","meta":{"footnotes":""},"categories":[37],"tags":[],"class_list":["post-65657","post","type-post","status-publish","format-standard","has-post-thumbnail","","category-politike"],"_links":{"self":[{"href":"https:\/\/rdnews.al\/index.php\/wp-json\/wp\/v2\/posts\/65657","targetHints":{"allow":["GET"]}}],"collection":[{"href":"https:\/\/rdnews.al\/index.php\/wp-json\/wp\/v2\/posts"}],"about":[{"href":"https:\/\/rdnews.al\/index.php\/wp-json\/wp\/v2\/types\/post"}],"author":[{"embeddable":true,"href":"https:\/\/rdnews.al\/index.php\/wp-json\/wp\/v2\/users\/4"}],"replies":[{"embeddable":true,"href":"https:\/\/rdnews.al\/index.php\/wp-json\/wp\/v2\/comments?post=65657"}],"version-history":[{"count":0,"href":"https:\/\/rdnews.al\/index.php\/wp-json\/wp\/v2\/posts\/65657\/revisions"}],"wp:featuredmedia":[{"embeddable":true,"href":"https:\/\/rdnews.al\/index.php\/wp-json\/wp\/v2\/media\/65658"}],"wp:attachment":[{"href":"https:\/\/rdnews.al\/index.php\/wp-json\/wp\/v2\/media?parent=65657"}],"wp:term":[{"taxonomy":"category","embeddable":true,"href":"https:\/\/rdnews.al\/index.php\/wp-json\/wp\/v2\/categories?post=65657"},{"taxonomy":"post_tag","embeddable":true,"href":"https:\/\/rdnews.al\/index.php\/wp-json\/wp\/v2\/tags?post=65657"}],"curies":[{"name":"wp","href":"https:\/\/api.w.org\/{rel}","templated":true}]}}