{"id":65664,"date":"2023-12-06T10:43:55","date_gmt":"2023-12-06T10:43:55","guid":{"rendered":"https:\/\/rdnews.al\/?p=65664"},"modified":"2023-12-06T10:43:55","modified_gmt":"2023-12-06T10:43:55","slug":"refugjatet-deputetja-e-lezhes-edi-rama-nuk-mund-te-vendose-per-fatin-tone","status":"publish","type":"post","link":"https:\/\/rdnews.al\/index.php\/2023\/12\/06\/refugjatet-deputetja-e-lezhes-edi-rama-nuk-mund-te-vendose-per-fatin-tone\/","title":{"rendered":"Refugjat\u00ebt\/ Deputetja e Lezh\u00ebs: Edi Rama nuk mund t\u00eb vendos\u00eb p\u00ebr fatin ton\u00eb!"},"content":{"rendered":"<p>Partia Demokratike depozitoi n\u00eb Gjykat\u00ebn Kushtetuese paktin e n\u00ebnshkruar mes kryeministrit Edi Rama dhe homologes italiane, Giorgia Meloni p\u00ebr ngritjen e kampeve t\u00eb refugjat\u00ebve n\u00eb Shqip\u00ebri. Padia mban firm\u00ebn e 28 deputet\u00ebve demokrat\u00eb.<\/p>\n<p>Deputetja demokrate e Lezh\u00ebs, Lindita Metaliaj, foli p\u00ebr gazetar\u00ebt pas depozitimit t\u00eb k\u00ebsaj padie. Metaliaj tha se, Edi Rama nuk mund t\u00eb vendos\u00eb p\u00ebr fatin ton\u00eb n\u00eb shkelje t\u00eb t\u00eb drejtave t\u00eb njeriut.<\/p>\n<p>\u201cNe kemi k\u00ebrkuar deklarimin si t\u00eb papajtuesh\u00ebm me Kushtetut\u00ebn protokollin mes qeveris\u00eb italiane dhe asaj shqiptare p\u00ebr forcimin e bashk\u00ebpunimit n\u00eb fush\u00ebn e emigracionit.<\/p>\n<p>Po ashtu kemi k\u00ebrkuar pezullimin e procedurave p\u00ebr ratifikimin e protokollit mes qeveris\u00eb s\u00eb Italis\u00eb dhe K\u00ebshillit t\u00eb Ministrave t\u00eb Shqip\u00ebris\u00eb,\u201d tha ajo\/<\/p>\n<p>\u201cN\u00eb cil\u00ebsin\u00eb e deputetes s\u00eb Lezh\u00ebs, s\u00eb bashku me grupin parlamentar, kemi vendosur q\u00eb k\u00ebsaj t\u2019i shkojm\u00eb deri n\u00eb fund sepse ne jemi n\u00eb mbrojtje t\u00eb interesit t\u00eb qytetar\u00ebve.<\/p>\n<p>Edi Rama nuk mund t\u00eb vendos\u00eb p\u00ebr fatin ton\u00eb n\u00eb shkelje t\u00eb t\u00eb drejtave t\u00eb njeriut. Kjo nuk ka t\u00eb b\u00ebj\u00eb fare m\u00eb marr\u00ebdh\u00ebnien ton\u00eb me Italin\u00eb, t\u00eb cilat do jen\u00eb gjithmon\u00eb e m\u00eb t\u00eb mira\u201d, tha Metaliaj.<\/p>\n","protected":false},"excerpt":{"rendered":"<p>Partia Demokratike depozitoi n\u00eb Gjykat\u00ebn Kushtetuese paktin e n\u00ebnshkruar mes kryeministrit Edi Rama dhe homologes italiane, Giorgia Meloni p\u00ebr ngritjen e kampeve t\u00eb refugjat\u00ebve n\u00eb Shqip\u00ebri. Padia mban firm\u00ebn e 28 deputet\u00ebve demokrat\u00eb. Deputetja demokrate e Lezh\u00ebs, Lindita Metaliaj, foli p\u00ebr gazetar\u00ebt pas depozitimit t\u00eb k\u00ebsaj padie. Metaliaj tha se, Edi Rama nuk mund t\u00eb &hellip;<\/p>\n","protected":false},"author":4,"featured_media":0,"comment_status":"closed","ping_status":"closed","sticky":false,"template":"","format":"standard","meta":{"footnotes":""},"categories":[37],"tags":[],"class_list":["post-65664","post","type-post","status-publish","format-standard","","category-politike"],"_links":{"self":[{"href":"https:\/\/rdnews.al\/index.php\/wp-json\/wp\/v2\/posts\/65664","targetHints":{"allow":["GET"]}}],"collection":[{"href":"https:\/\/rdnews.al\/index.php\/wp-json\/wp\/v2\/posts"}],"about":[{"href":"https:\/\/rdnews.al\/index.php\/wp-json\/wp\/v2\/types\/post"}],"author":[{"embeddable":true,"href":"https:\/\/rdnews.al\/index.php\/wp-json\/wp\/v2\/users\/4"}],"replies":[{"embeddable":true,"href":"https:\/\/rdnews.al\/index.php\/wp-json\/wp\/v2\/comments?post=65664"}],"version-history":[{"count":0,"href":"https:\/\/rdnews.al\/index.php\/wp-json\/wp\/v2\/posts\/65664\/revisions"}],"wp:attachment":[{"href":"https:\/\/rdnews.al\/index.php\/wp-json\/wp\/v2\/media?parent=65664"}],"wp:term":[{"taxonomy":"category","embeddable":true,"href":"https:\/\/rdnews.al\/index.php\/wp-json\/wp\/v2\/categories?post=65664"},{"taxonomy":"post_tag","embeddable":true,"href":"https:\/\/rdnews.al\/index.php\/wp-json\/wp\/v2\/tags?post=65664"}],"curies":[{"name":"wp","href":"https:\/\/api.w.org\/{rel}","templated":true}]}}