{"id":65682,"date":"2023-12-06T12:41:31","date_gmt":"2023-12-06T12:41:31","guid":{"rendered":"https:\/\/rdnews.al\/?p=65682"},"modified":"2023-12-06T12:46:03","modified_gmt":"2023-12-06T12:46:03","slug":"65682","status":"publish","type":"post","link":"https:\/\/rdnews.al\/index.php\/2023\/12\/06\/65682\/","title":{"rendered":"Berisha: \u00a0Rama-Bolino ose jan\u00eb pronar\u00eb t\u00eb godin\u00ebs, ose kan\u00eb falsifikuar bilancet e deklaruara"},"content":{"rendered":"<p>Kryetari i PD, Sali Berisha tha se, n\u00eb dokumentarin e mashtrimit publik n\u00eb ERTV, Rama dhe Bolino kan\u00eb konsumuar jo nj\u00eb, por disa vepra penale t\u00eb r\u00ebnda. Berisha tha n\u00eb konferenc\u00ebn p\u00ebr shtyp se, Rama-Bolino ose jan\u00eb pronar\u00eb t\u00eb godin\u00ebs, ose kan\u00eb falsifikuar bilancet e deklaruara.<br \/>\n\u201cMashtrimi publik Rama-Bolino me dokumentarin ERTV p\u00ebr t\u00eb mbuluar rr\u00ebmbimin e 4900 met\u00ebr katror\u00eb tok\u00eb me kat\u00ebr VKM t\u00eb personalizuara q\u00eb t\u00eb gjitha me kompanin\u00eb e Bolinos.<br \/>\nN\u00eb k\u00ebt\u00eb dokumentar t\u00eb mashtrimit publik, Rama dhe Bolino kan\u00eb konsumuar jo nj\u00eb, por disa vepra penale t\u00eb r\u00ebnda. Dhe nj\u00ebher\u00eb, k\u00ebrkoj njer\u00ebzisht arsyetimin e qytetar\u00ebve.<br \/>\nImagjinoni, Sali Berisha me ligjet q\u00eb ka miratuar, ka rikthyer prona dhe objekte t\u00eb konfiskuara nga regjimi komunist, mbi 320mij\u00eb qytetar\u00ebve shqiptar\u00eb n\u00eb nj\u00eb total prej 1 miliard e 577 milion\u00eb e 400 mij\u00eb met\u00ebr katror\u00eb, nga t\u00eb cilat 408 met\u00ebr i p\u00ebrkasin me t\u00eb gjith\u00eb dokumentat, Jamarb\u00ebr Malltezit.<br \/>\nKurse Edi Rama me Karlo Bolinon kan\u00eb rr\u00ebmbyer me 4 vendime t\u00eb personalizuara, pra kat\u00ebr vendime, q\u00eb t\u00eb gjitha kushtuar kompanis\u00eb s\u00eb Karlo Bolinos, 4900 met\u00ebr tok\u00eb, vak\u00ebf i dh\u00ebn\u00eb p\u00ebr sevap nga familjet pronare, p\u00ebr f\u00ebmij\u00ebt e asaj zone q\u00eb nuk kishin gjimnaz, p\u00ebr rreth 60 mij\u00eb banor\u00eb.<br \/>\nNga kjo tok\u00eb, Rama dhe Bolino, vet\u00ebm nga familja Begeja kan\u00eb marr\u00eb 3 her\u00eb m\u00eb shum\u00eb tok\u00eb se sa ka marr\u00eb pasardh\u00ebsi i Begej\u00ebve, Jamarb\u00ebr Malltezi.<br \/>\nK\u00ebt\u00eb le t\u2019i gjykojn\u00eb qytetar\u00ebt, un\u00eb jam k\u00ebtu p\u00ebr t\u2019i b\u00ebr\u00eb gjyqin Edi Ram\u00ebs, i cili pasi ka konsumuar nj\u00eb seri veprash penale me 4 vendime t\u00eb personalizuara, prodhon me Bolinon nj\u00eb dokumentar fund e krye, trillime dhe mashtrime.<br \/>\nRama dhe Bolino n\u00eb dokumentarin e tyre, shprehen se \u2018Shqip\u00ebria 1 euro\u2019 \u00ebsht\u00eb nj\u00eb nism\u00eb e qeveris\u00eb Berisha p\u00ebr t\u00eb stimuluar investimet e huaja n\u00eb vend, procedurat shtjellohen n\u00eb VKM 54 t\u00eb qeveris\u00eb Rama t\u00eb vitit 2014, pra 5 vite p\u00ebrpara se Report TV t\u00eb p\u00ebrfitoj\u00eb.<br \/>\nDua t\u00eb sqaroj k\u00ebtu se nisma \u2018Shqip\u00ebria 1 euro\u2019 \u00ebsht\u00eb nism\u00eb e qeveris\u00eb s\u00eb PD, por \u00ebsht\u00eb e v\u00ebrtet\u00eb se ajo nuk e kishte imagjinuar si nism\u00eb p\u00ebr nd\u00ebrtimin e televizioneve proqeveritare dhe p\u00ebr korruptimin e medieve. Ajo ishte nd\u00ebrmarr\u00eb si nj\u00eb nism\u00eb q\u00eb do nxiste investimet e huaja ve\u00e7an\u00ebrisht n\u00eb zonat e varfra t\u00eb vendit.<br \/>\nPor \u00ebsht\u00eb Edi Rama ai q\u00eb shton n\u00eb VKM-n\u00eb e tij, p\u00ebrdorimin e k\u00ebsaj nisme p\u00ebr nd\u00ebrtim televizionesh.<br \/>\nAjo \u00e7ka mund t\u00eb them se ndryshimi i VKM-s\u00eb q\u00eb p\u00ebrfitoi edhe p\u00ebr investime n\u00eb televizione, \u00ebsht\u00eb b\u00ebr\u00eb nga qeveria e Ram\u00ebs, pas miratimit fillestar t\u00eb VKM 54 dhe \u00ebsht\u00eb b\u00ebr\u00eb n\u00eb vitin 2015. Kemi sqaruar edhe ndryshimin e fundit t\u00eb b\u00ebr\u00eb, q\u00eb i jepet e drejta p\u00ebr privatizim.<br \/>\nPra, me k\u00ebt\u00eb ndryshim, Rama jo vet\u00ebm jep televizioneve, por n\u00eb pik\u00ebn 8, fraksion 4, VKM 54 t\u00eb vitit 2014, thuhet: N\u00eb kontratat e qiras\u00eb apo emfeteoz\u00ebs, t\u00eb lidhura p\u00ebr pasuri ku sip\u00ebrfaqja e truallit \u00ebsht\u00eb mbi 500 met\u00ebr katror\u00eb, n\u00eb rastet kur shoq\u00ebria qiramarr\u00ebse ka kryer investime n\u00eb mas\u00ebn 150 p\u00ebrqind t\u00eb vler\u00ebs s\u00eb truallit dhe ka respektuar kushtet e kontrat\u00ebs, subjekteve u lind e drejta e privatizimit t\u00eb drejtp\u00ebrdrejt\u00eb t\u00eb objektit t\u00eb kontrat\u00ebs sipas legjislacionit n\u00eb fuqi.<br \/>\nPra, ky vendim vjen n\u00eb shkelje flagrante t\u00eb ligjit t\u00eb kthimit dhe kompensimit t\u00eb pronave, t\u00eb cilat stipulojn\u00eb n\u00eb pik\u00ebn dy t\u00eb nenit 31, se \u00e7do tjet\u00ebrsim i pron\u00ebs shtet\u00ebrore apo publike qoft\u00eb ajo, kalon automatikisht te i shpron\u00ebsuari.<br \/>\nPas k\u00ebtyre ndryshimeve n\u00eb VKM, Rama-Bolino kan\u00eb hyr\u00eb n\u00eb marr\u00ebdh\u00ebnie kontrate me shtetin, me qeverin\u00eb.<br \/>\nN\u00eb dokumentarin e tyre t\u00eb mashtrimit publik, ata thon\u00eb se ndryshe nga sa shpif Berisha, Report TV nuk \u00ebsht\u00eb b\u00ebr\u00eb pronare e asgj\u00ebje, mbajeni mend k\u00ebt\u00eb, por ka n\u00ebnshkruar vet\u00ebm nj\u00eb kontrat\u00eb qiraje n\u00eb k\u00ebmbim t\u00eb qiras\u00eb simbolike 1 euro, ligji dhe qeveria e detyrojn\u00eb t\u00eb pun\u00ebsojn\u00eb nj\u00eb num\u00ebr t\u00eb konsideruesh\u00ebm punonj\u00ebsish dhe t\u00eb realizojn\u00eb nj\u00eb investim t\u00eb kushtuesh\u00ebm, pjesa m\u00eb e madhe e t\u00eb cilit mbetet pron\u00eb e shtetit.<br \/>\nKy \u00ebsht\u00eb nj\u00eb mashtrim tjet\u00ebr i dyshes Rama-Bolino, pasi n\u00eb bilancet e kompanis\u00eb MTSC SHPK, p\u00ebr vitet 20-22 \u00ebsht\u00eb pasqyruar vlera 265 milion\u00eb lek\u00eb si aktive afatgjata n\u00eb proces n\u00eb bilancin e vitit 2022.<br \/>\n\u00c7far\u00eb jan\u00eb k\u00ebto? \u00cbsht\u00eb nd\u00ebrtimi, i cili nuk ishte absolutisht n\u00eb pron\u00ebsi, ishte pron\u00ebsi e shtetit. Vet\u00eb Bolino e pohon se nuk kishte asgj\u00eb n\u00eb pron\u00ebsi, ve\u00e7 aparaturave t\u00eb televizionit.<br \/>\nPra, \u00e7far\u00eb ka raportuar tjet\u00ebr? Ky \u00ebsht\u00eb bilanc tjet\u00ebr, i vitit 2019. Jan\u00eb raportime n\u00eb tatime k\u00ebto. Po t\u00eb mos i konsideronte t\u00eb vetat, ka z\u00eb t\u00eb ve\u00e7ant\u00eb, por jo me aktivet afatgjata materiale. 45 milion\u00eb sepse kaq ka qen\u00eb n\u00eb at\u00eb koh\u00eb investimi n\u00eb nd\u00ebrtes\u00eb. M\u00eb von\u00eb, investimi ka arritur n\u00eb 265 milion\u00eb.<br \/>\nPra, sipas standardeve komb\u00ebtare t\u00eb kontabilitetit, n\u00eb z\u00ebrin aktiv regjistrohen: Nj\u00ebsia ekonomike njeh koston e nj\u00eb z\u00ebri t\u00eb AAM-ve vet\u00ebm si nj\u00eb aktiv, n\u00ebse dhe vet\u00ebm n\u00ebse aktivi kontrollohet nga nj\u00ebsia ekonomike, \u00ebsht\u00eb e mundur q\u00eb nga p\u00ebrdorimi i aktivit, do t\u00eb hyjn\u00eb n\u00eb nj\u00ebsin\u00eb ekonomike p\u00ebrfitime ekonomike dhe kostoja e aktivit mund t\u00eb matet me besueshm\u00ebri.<br \/>\nRegjistrimi fillestar i AAM-s\u00eb b\u00ebhet zakonisht n\u00eb momentin e p\u00ebrfitimit t\u00eb tij nga blerja apo prodhimi.<br \/>\nP\u00ebrfundimisht, n\u00ebse Rama-Bolino e kan\u00eb t\u00eb qart\u00eb se nuk jan\u00eb pronar\u00eb t\u00eb godin\u00ebs, i bie q\u00eb ata kan\u00eb falsifikuar bilancet e deklaruara n\u00eb administrat\u00ebn tatimore dhe kan\u00eb kryer nj\u00eb vep\u00ebr t\u00eb r\u00ebnd\u00eb penale. P\u00ebr tre vite me radh\u00eb ky falsifikim dhe kjo \u00ebsht\u00eb e d\u00ebnueshme ligj\u00ebrisht\u201d, u shpreh Berisha.<\/p>\n","protected":false},"excerpt":{"rendered":"<p>Kryetari i PD, Sali Berisha tha se, n\u00eb dokumentarin e mashtrimit publik n\u00eb ERTV, Rama dhe Bolino kan\u00eb konsumuar jo nj\u00eb, por disa vepra penale t\u00eb r\u00ebnda. Berisha tha n\u00eb konferenc\u00ebn p\u00ebr shtyp se, Rama-Bolino ose jan\u00eb pronar\u00eb t\u00eb godin\u00ebs, ose kan\u00eb falsifikuar bilancet e deklaruara. \u201cMashtrimi publik Rama-Bolino me dokumentarin ERTV p\u00ebr t\u00eb mbuluar &hellip;<\/p>\n","protected":false},"author":4,"featured_media":65683,"comment_status":"closed","ping_status":"closed","sticky":false,"template":"","format":"standard","meta":{"footnotes":""},"categories":[37],"tags":[],"class_list":["post-65682","post","type-post","status-publish","format-standard","has-post-thumbnail","","category-politike"],"_links":{"self":[{"href":"https:\/\/rdnews.al\/index.php\/wp-json\/wp\/v2\/posts\/65682","targetHints":{"allow":["GET"]}}],"collection":[{"href":"https:\/\/rdnews.al\/index.php\/wp-json\/wp\/v2\/posts"}],"about":[{"href":"https:\/\/rdnews.al\/index.php\/wp-json\/wp\/v2\/types\/post"}],"author":[{"embeddable":true,"href":"https:\/\/rdnews.al\/index.php\/wp-json\/wp\/v2\/users\/4"}],"replies":[{"embeddable":true,"href":"https:\/\/rdnews.al\/index.php\/wp-json\/wp\/v2\/comments?post=65682"}],"version-history":[{"count":0,"href":"https:\/\/rdnews.al\/index.php\/wp-json\/wp\/v2\/posts\/65682\/revisions"}],"wp:featuredmedia":[{"embeddable":true,"href":"https:\/\/rdnews.al\/index.php\/wp-json\/wp\/v2\/media\/65683"}],"wp:attachment":[{"href":"https:\/\/rdnews.al\/index.php\/wp-json\/wp\/v2\/media?parent=65682"}],"wp:term":[{"taxonomy":"category","embeddable":true,"href":"https:\/\/rdnews.al\/index.php\/wp-json\/wp\/v2\/categories?post=65682"},{"taxonomy":"post_tag","embeddable":true,"href":"https:\/\/rdnews.al\/index.php\/wp-json\/wp\/v2\/tags?post=65682"}],"curies":[{"name":"wp","href":"https:\/\/api.w.org\/{rel}","templated":true}]}}