{"id":65691,"date":"2023-12-06T12:57:40","date_gmt":"2023-12-06T12:57:40","guid":{"rendered":"https:\/\/rdnews.al\/?p=65691"},"modified":"2023-12-06T12:57:40","modified_gmt":"2023-12-06T12:57:40","slug":"rama-dhe-bolino-mashtruan-edhe-me-termetin-shteti-u-vu-ne-dispozicionin-e-prones-qe-do-grabisnin-ata","status":"publish","type":"post","link":"https:\/\/rdnews.al\/index.php\/2023\/12\/06\/rama-dhe-bolino-mashtruan-edhe-me-termetin-shteti-u-vu-ne-dispozicionin-e-prones-qe-do-grabisnin-ata\/","title":{"rendered":"Rama dhe Bolino mashtruan edhe me t\u00ebrmetin, shteti u vu n\u00eb dispozicionin e pron\u00ebs q\u00eb do grabisnin ata"},"content":{"rendered":"<p>Kryetari i PD, Sali Berisha tha se, Rama dhe Bolino mashtruan edhe me t\u00ebrmetin, shteti u vu n\u00eb dispozicionin e pron\u00ebs q\u00eb do grabisnin ata. Berisha tha se, ajo q\u00eb Rama dhe Bolino fshehin \u00ebsht\u00eb se n\u00eb momentin q\u00eb ato godina u prish\u00ebn, nuk ekziston m\u00eb q\u00ebllimi i kontrat\u00ebs.<br \/>\n\u201cRama-Bolino n\u00eb dokumentarin t\u00eb mashtrimit t\u00eb tyre publik, thon\u00eb se Berisha e ka etiketuar si skandal t\u00eb madh faktin se pas firm\u00ebs s\u00eb kontrat\u00ebs p\u00ebr t\u00eb marr\u00eb me qira nj\u00eb godin\u00eb t\u00eb vjet\u00ebr p\u00ebr t\u00eb cil\u00ebn ishte p\u00ebrcaktuar si detyrim, rikonstruksioni total, godina u prish dhe u rind\u00ebrtua.<br \/>\nAjo q\u00eb Berisha nuk tregon, thon\u00eb n\u00eb dokumentarin e tyre Rama-Bolino, \u00ebsht\u00eb se n\u00eb dat\u00ebn 26 n\u00ebntor 2019, t\u00ebrmeti e d\u00ebmtoi n\u00eb m\u00ebnyr\u00eb fatale struktur\u00ebn e godin\u00ebs dhe godina u rr\u00ebzua. Instituti i Nd\u00ebrtimit urdh\u00ebroi prishjen dhe p\u00ebr shkak se ishte godin\u00eb shteti, p\u00ebr ta shembur duhej nj\u00eb VKM se k\u00ebshtu e p\u00ebrcakton ligji. Prishja u krye totalisht me shpenzimet e Report TV. Ja pse fjala rikonstruksion total edhe n\u00eb kontrat\u00eb u ndryshua me fjal\u00ebn rind\u00ebrtim jo m\u00eb pak se sip\u00ebrfaqja e godin\u00ebs ekzistuese. Dhe n\u00eb fund t\u00eb kontrat\u00ebs thuhet t\u2019ia kthej\u00eb shtetit ose t\u2019ia kthej\u00eb xhepit, thot\u00eb mashtrimi i Ram\u00ebs dhe Bolinos n\u00eb dokumentarin e tyre. Dokumentet thon\u00eb di\u00e7ka tjet\u00ebr.<br \/>\nN\u00eb k\u00ebt\u00eb sqarim t\u00eb gjat\u00eb, Rama dhe Bolino s\u00ebrish g\u00ebnjejn\u00eb. E para, leja e nd\u00ebrtimit \u00ebsht\u00eb miratuar m\u00eb 13.1.2020, vet\u00ebm 48 dit\u00eb pas t\u00ebrmetit t\u00eb dat\u00ebs 26.11.2019. Pra, t\u00eb gjith\u00eb strukturat ishin n\u00eb dispozicion t\u00eb k\u00ebtij biznesi, q\u00eb nuk kishte l\u00ebn\u00eb njeri pa streh\u00eb. T\u00eb tjer\u00ebt rrinin n\u00eb \u00e7adra dhe jan\u00eb edhe sot, kurse shteti i t\u00ebr\u00eb p\u00ebrqendrohej te prona q\u00eb do grabiste Rama dhe Bolino.<br \/>\nPra u kryen t\u00eb gjitha procedurat e vler\u00ebsimit t\u00eb d\u00ebmit, t\u00eb shpalljes s\u00eb godin\u00ebs nga Instituti i Nd\u00ebrtimit si DS5, b\u00ebrja e projektit nga arkitekt\u00ebt pasi ndryshon plani i biznesit, vler\u00ebsimi nga Ministria e Financave si pronar i godinave dhe n\u00eb fund miratimi i lejeve. T\u00eb gjitha k\u00ebto n\u00eb harkun kohor 48 ditor, gj\u00eb e cila nuk gjendet kurr\u00eb n\u00eb analet e shtetit. Koh\u00eb rekord nd\u00ebrkoh\u00eb q\u00eb shteti ishte n\u00eb emergjenc\u00eb, pasi edhe sot ka fatkeq\u00eb q\u00eb jan\u00eb n\u00eb \u00e7adra.<br \/>\nVet\u00eb Rama dhe Bolino thon\u00eb se ose do ia kthejn\u00eb shtetit, ose xhepit. Pra e pranojn\u00eb se amendamenti i b\u00ebr\u00eb nga Edi Rama kishte p\u00ebr q\u00ebllim grabitjen e pron\u00ebs.<br \/>\nNuk mund t\u2019ia kthejn\u00eb xhepit, sepse ligji i kthimit dhe kompensimit t\u00eb pronave, ligje baz\u00eb n\u00eb fush\u00ebn e pron\u00ebsis\u00eb, e kan\u00eb laksative, tjet\u00ebrsimi i pron\u00ebs e kalon at\u00eb menj\u00ebher\u00eb te t\u00eb shpron\u00ebsuarit. Pra, u kthehet familjeve q\u00eb iu grabit toka q\u00eb kishin l\u00ebn\u00eb p\u00ebr shpirt, p\u00ebr sevap p\u00ebr f\u00ebmij\u00ebt e lagjes.<br \/>\nN\u00eb dokumentarin e tyre t\u00eb mashtrimit publik, Rama dhe Bolino thot\u00eb se t\u00ebrmeti i detyroi t\u00eb b\u00ebheshin procedura ligjore me nj\u00eb VKM p\u00ebr prishjen e godinave, por e v\u00ebrteta q\u00ebndron ndryshe pasi qeveria pas t\u00ebrmetit b\u00ebri k\u00ebto hapa:<br \/>\nA-Miratoi lejen e nd\u00ebrtimit m\u00eb 13.1.2020.<br \/>\nB-Miratoi VKM me num\u00ebr 157, 19..2.2020, p\u00ebr dh\u00ebnien e miratimit p\u00ebr nj\u00eb shtes\u00eb, po \u00e7\u2019pun\u00eb kishte shtesa prej 870 met\u00ebr tok\u00eb me t\u00ebrmetin? Asnj\u00eb pun\u00eb, kjo kishte t\u00eb b\u00ebnte me etjen e tyre p\u00ebr t\u00eb pushtuar sa m\u00eb shum\u00eb tok\u00eb.<br \/>\nNj\u00eb shtes\u00eb n\u00eb kontrat\u00ebn e qiras\u00eb me tarif\u00ebn 1 euro, duke i dh\u00ebn\u00eb katin e dyt\u00eb t\u00eb nj\u00ebr\u00ebs prej godinave, e kuptoni apo jo, ky m\u00eb sip\u00ebr thot\u00eb godinat u rrafshuan nga t\u00ebrmeti, tani i jep katin e dyt\u00eb t\u00eb nj\u00eb godine, k\u00ebta jan\u00eb mashtrues t\u00eb rreziksh\u00ebm publik\u00eb.<br \/>\nC-Miratimi i VKM 368 p\u00ebr shembjen e tre objekteve t\u00eb dh\u00ebna me qira.<br \/>\nPra, pas t\u00ebrmetit q\u00eb i b\u00ebri gj\u00ebm\u00ebn Ram\u00ebs dhe Bolinos, qeveria fillimisht u kujdes t\u00eb miratonte lejen e nd\u00ebrtimit p\u00ebr nj\u00eb godin\u00eb t\u00eb re dhe p\u00ebr t\u00eb dh\u00ebn\u00eb nj\u00eb shtes\u00eb kontrate prej 872 metra. Ajo q\u00eb Rama dhe Bolino fshehin \u00ebsht\u00eb se n\u00eb momentin q\u00eb ato godina u prish\u00ebn, nuk ekziston m\u00eb q\u00ebllimi i kontrat\u00ebs.<br \/>\nKur godinat u prish\u00ebn, kontrata \u00ebsht\u00eb nul sepse kontrata jepte tre godinat p\u00ebr rind\u00ebrtim dhe p\u00ebrdorim.<br \/>\nU shemb\u00ebn godinat nga t\u00ebrmeti, iku kontrata se n\u00eb tender ishin dh\u00ebn\u00eb godinat dhe ishte p\u00ebrcaktuar qiraje 63 mij\u00eb euro n\u00eb muaj q\u00eb u katandis m\u00eb pas n\u00eb 1 euro\u201d, u shpreh Berisha.<\/p>\n","protected":false},"excerpt":{"rendered":"<p>Kryetari i PD, Sali Berisha tha se, Rama dhe Bolino mashtruan edhe me t\u00ebrmetin, shteti u vu n\u00eb dispozicionin e pron\u00ebs q\u00eb do grabisnin ata. Berisha tha se, ajo q\u00eb Rama dhe Bolino fshehin \u00ebsht\u00eb se n\u00eb momentin q\u00eb ato godina u prish\u00ebn, nuk ekziston m\u00eb q\u00ebllimi i kontrat\u00ebs. \u201cRama-Bolino n\u00eb dokumentarin t\u00eb mashtrimit t\u00eb &hellip;<\/p>\n","protected":false},"author":4,"featured_media":65692,"comment_status":"closed","ping_status":"closed","sticky":false,"template":"","format":"standard","meta":{"footnotes":""},"categories":[37],"tags":[],"class_list":["post-65691","post","type-post","status-publish","format-standard","has-post-thumbnail","","category-politike"],"_links":{"self":[{"href":"https:\/\/rdnews.al\/index.php\/wp-json\/wp\/v2\/posts\/65691","targetHints":{"allow":["GET"]}}],"collection":[{"href":"https:\/\/rdnews.al\/index.php\/wp-json\/wp\/v2\/posts"}],"about":[{"href":"https:\/\/rdnews.al\/index.php\/wp-json\/wp\/v2\/types\/post"}],"author":[{"embeddable":true,"href":"https:\/\/rdnews.al\/index.php\/wp-json\/wp\/v2\/users\/4"}],"replies":[{"embeddable":true,"href":"https:\/\/rdnews.al\/index.php\/wp-json\/wp\/v2\/comments?post=65691"}],"version-history":[{"count":0,"href":"https:\/\/rdnews.al\/index.php\/wp-json\/wp\/v2\/posts\/65691\/revisions"}],"wp:featuredmedia":[{"embeddable":true,"href":"https:\/\/rdnews.al\/index.php\/wp-json\/wp\/v2\/media\/65692"}],"wp:attachment":[{"href":"https:\/\/rdnews.al\/index.php\/wp-json\/wp\/v2\/media?parent=65691"}],"wp:term":[{"taxonomy":"category","embeddable":true,"href":"https:\/\/rdnews.al\/index.php\/wp-json\/wp\/v2\/categories?post=65691"},{"taxonomy":"post_tag","embeddable":true,"href":"https:\/\/rdnews.al\/index.php\/wp-json\/wp\/v2\/tags?post=65691"}],"curies":[{"name":"wp","href":"https:\/\/api.w.org\/{rel}","templated":true}]}}