{"id":65694,"date":"2023-12-06T13:05:20","date_gmt":"2023-12-06T13:05:20","guid":{"rendered":"https:\/\/rdnews.al\/?p=65694"},"modified":"2023-12-06T13:05:20","modified_gmt":"2023-12-06T13:05:20","slug":"berisha-brava-merr-urdhera-nga-taulanti-se-rama-sia-var-me","status":"publish","type":"post","link":"https:\/\/rdnews.al\/index.php\/2023\/12\/06\/berisha-brava-merr-urdhera-nga-taulanti-se-rama-sia-var-me\/","title":{"rendered":"Berisha: Brava merr urdh\u00ebra nga Taulanti se Rama s\u2019ia var m\u00eb"},"content":{"rendered":"<p>Kryetari i PD, Sali Berisha u pyet nga gazetar\u00ebt se a e konsideron Bash\u00ebn opozit\u00eb. Berisha tha se, t\u00eb konsiderosh brav\u00ebn opozit\u00eb \u00ebsht\u00eb tallje, ai merr urdhra nga Taulanti se Rama s\u2019ia var m\u00eb.<\/p>\n<p>\u201cNuk ka tallje m\u00eb t\u00eb madhe se t\u00eb konsiderosh brav\u00ebn si opozit\u00eb, prandaj nuk duhet t\u00eb p\u00ebrdorim terma q\u00eb nuk q\u00ebndrojn\u00eb. Nuk \u00ebsht\u00eb opozit\u00eb, \u00ebsht\u00eb veg\u00ebl dhe b\u00ebn \u00e7\u2019i thon\u00eb. A mendon se mund t\u00eb zhurmoj\u00eb. Ai zbaton porosit\u00eb e Taulant Ball\u00ebs se edhe Rama nuk ia var shum\u00eb se ka ngarkuar Taulantin me t\u00eb\u201d, tha Berisha.<\/p>\n","protected":false},"excerpt":{"rendered":"<p>Kryetari i PD, Sali Berisha u pyet nga gazetar\u00ebt se a e konsideron Bash\u00ebn opozit\u00eb. Berisha tha se, t\u00eb konsiderosh brav\u00ebn opozit\u00eb \u00ebsht\u00eb tallje, ai merr urdhra nga Taulanti se Rama s\u2019ia var m\u00eb. \u201cNuk ka tallje m\u00eb t\u00eb madhe se t\u00eb konsiderosh brav\u00ebn si opozit\u00eb, prandaj nuk duhet t\u00eb p\u00ebrdorim terma q\u00eb nuk q\u00ebndrojn\u00eb. &hellip;<\/p>\n","protected":false},"author":4,"featured_media":65695,"comment_status":"closed","ping_status":"closed","sticky":false,"template":"","format":"standard","meta":{"footnotes":""},"categories":[37],"tags":[],"class_list":["post-65694","post","type-post","status-publish","format-standard","has-post-thumbnail","","category-politike"],"_links":{"self":[{"href":"https:\/\/rdnews.al\/index.php\/wp-json\/wp\/v2\/posts\/65694","targetHints":{"allow":["GET"]}}],"collection":[{"href":"https:\/\/rdnews.al\/index.php\/wp-json\/wp\/v2\/posts"}],"about":[{"href":"https:\/\/rdnews.al\/index.php\/wp-json\/wp\/v2\/types\/post"}],"author":[{"embeddable":true,"href":"https:\/\/rdnews.al\/index.php\/wp-json\/wp\/v2\/users\/4"}],"replies":[{"embeddable":true,"href":"https:\/\/rdnews.al\/index.php\/wp-json\/wp\/v2\/comments?post=65694"}],"version-history":[{"count":0,"href":"https:\/\/rdnews.al\/index.php\/wp-json\/wp\/v2\/posts\/65694\/revisions"}],"wp:featuredmedia":[{"embeddable":true,"href":"https:\/\/rdnews.al\/index.php\/wp-json\/wp\/v2\/media\/65695"}],"wp:attachment":[{"href":"https:\/\/rdnews.al\/index.php\/wp-json\/wp\/v2\/media?parent=65694"}],"wp:term":[{"taxonomy":"category","embeddable":true,"href":"https:\/\/rdnews.al\/index.php\/wp-json\/wp\/v2\/categories?post=65694"},{"taxonomy":"post_tag","embeddable":true,"href":"https:\/\/rdnews.al\/index.php\/wp-json\/wp\/v2\/tags?post=65694"}],"curies":[{"name":"wp","href":"https:\/\/api.w.org\/{rel}","templated":true}]}}