{"id":66484,"date":"2023-12-18T18:02:00","date_gmt":"2023-12-18T18:02:00","guid":{"rendered":"https:\/\/rdnews.al\/?p=66484"},"modified":"2023-12-18T18:02:00","modified_gmt":"2023-12-18T18:02:00","slug":"nga-neser-do-te-na-trokase-begatia","status":"publish","type":"post","link":"https:\/\/rdnews.al\/index.php\/2023\/12\/18\/nga-neser-do-te-na-trokase-begatia\/","title":{"rendered":"Nga nes\u00ebr do t\u00eb na trokas\u00eb begatia\u2026"},"content":{"rendered":"<p><strong>Nga\u00a0Agim XHAFKA<\/strong><\/p>\n<p>Sapo Edi Rama t\u00eb \u2018rehatoj\u00eb\u2019 zotin Berisha n\u00eb arrest sht\u00ebpie do t\u00eb nd\u00ebrmarr\u00eb plot reforma q\u00eb i pengonte kryetari i opozit\u00ebs.<\/p>\n<p>-S\u00eb pari, do t\u00eb rris\u00eb pensionet. Madje do i dyfishoj\u00eb ato e 700 mij\u00eb t\u00eb moshuarve do u k\u00ebrkoj\u00eb t\u00eb falur duke treguar me gisht fajtorin. Saliu nuk ka dashur t\u00eb keni m\u00eb shum\u00eb lek\u00eb n\u00eb kulet\u00eb, do u thot\u00eb.<\/p>\n<p>-Pas dy muajsh do t\u00eb \u00e7el\u00eb p\u00ebr her\u00eb t\u00eb dhjet\u00eb \u2018Rrug\u00ebn e Arb\u00ebrit\u2019 dhe do t\u00eb sqaroj\u00eb popullin se tuneli do t\u00eb qe p\u00ebrfunduar me koh\u00eb, por Saliu u kishte b\u00ebr\u00eb magji atyre shk\u00ebmbinjve.<\/p>\n<p>-Ulje urgjente e \u00e7mimit t\u00eb naft\u00ebs \u00ebsht\u00eb synim i dit\u00ebs. Shoq\u00ebruar me nj\u00eb ndjes\u00eb t\u00eb thell\u00eb q\u00eb nuk duhej ta kishte l\u00ebn\u00eb Saliun q\u00eb t\u2019i rriste ato kaq shum\u00eb, t\u00eb varf\u00ebronte deri n\u00eb mjerim gjith\u00eb shqiptar\u00ebt.<\/p>\n<p>-Kodin zgjedhor nga sot e tutje do e p\u00ebrpiloj\u00eb opozita, por ama n\u00ebn udh\u00ebheqjen e sakt\u00eb t\u00eb Taulantit. Betohet maxhoranca se do e miratoj\u00eb me gjith\u00eb karton\u00ebt e tij.<\/p>\n<p>-Do t\u00eb anulohet marr\u00ebveshja me Italin\u00eb p\u00ebr refugjat\u00ebt. Do hartohet nj\u00eb e re q\u00eb ata mos magazinohen n\u00eb Sh\u00ebngjin, por n\u00eb Durr\u00ebs dhe n\u00eb Vlor\u00eb nga q\u00eb Saliu donte t\u2019i kishte n\u00eb veri p\u00ebr t\u2019i pasur nes\u00ebr votues t\u00eb PD.<\/p>\n<p>-Rama nga ky arrest sht\u00ebpie i Saliut ndjehet kaq i relaksuar sa nga 7 dit\u00eb t\u00eb jav\u00ebs 8 do i kaloj\u00eb n\u00eb fluturim me \u2018Ismailin\u2019 e tij. I rehatuar nga trupi dhe truri.<\/p>\n<p>Shqip\u00ebria k\u00ebshtu ec\u00ebn drejt progresit, drejt horizonteve t\u00eb lumturis\u00eb. Vet\u00ebm p\u00ebrpara. S\u2019ka koh\u00eb p\u00ebr pushim. Jo kap \u00e7far\u00eb t\u00eb kap\u00ebsh,po kaq gjith\u00e7ka!<\/p>\n","protected":false},"excerpt":{"rendered":"<p>Nga\u00a0Agim XHAFKA Sapo Edi Rama t\u00eb \u2018rehatoj\u00eb\u2019 zotin Berisha n\u00eb arrest sht\u00ebpie do t\u00eb nd\u00ebrmarr\u00eb plot reforma q\u00eb i pengonte kryetari i opozit\u00ebs. -S\u00eb pari, do t\u00eb rris\u00eb pensionet. Madje do i dyfishoj\u00eb ato e 700 mij\u00eb t\u00eb moshuarve do u k\u00ebrkoj\u00eb t\u00eb falur duke treguar me gisht fajtorin. Saliu nuk ka dashur t\u00eb keni &hellip;<\/p>\n","protected":false},"author":4,"featured_media":64522,"comment_status":"closed","ping_status":"closed","sticky":false,"template":"","format":"standard","meta":{"footnotes":""},"categories":[44],"tags":[],"class_list":["post-66484","post","type-post","status-publish","format-standard","has-post-thumbnail","","category-editorial"],"_links":{"self":[{"href":"https:\/\/rdnews.al\/index.php\/wp-json\/wp\/v2\/posts\/66484","targetHints":{"allow":["GET"]}}],"collection":[{"href":"https:\/\/rdnews.al\/index.php\/wp-json\/wp\/v2\/posts"}],"about":[{"href":"https:\/\/rdnews.al\/index.php\/wp-json\/wp\/v2\/types\/post"}],"author":[{"embeddable":true,"href":"https:\/\/rdnews.al\/index.php\/wp-json\/wp\/v2\/users\/4"}],"replies":[{"embeddable":true,"href":"https:\/\/rdnews.al\/index.php\/wp-json\/wp\/v2\/comments?post=66484"}],"version-history":[{"count":0,"href":"https:\/\/rdnews.al\/index.php\/wp-json\/wp\/v2\/posts\/66484\/revisions"}],"wp:featuredmedia":[{"embeddable":true,"href":"https:\/\/rdnews.al\/index.php\/wp-json\/wp\/v2\/media\/64522"}],"wp:attachment":[{"href":"https:\/\/rdnews.al\/index.php\/wp-json\/wp\/v2\/media?parent=66484"}],"wp:term":[{"taxonomy":"category","embeddable":true,"href":"https:\/\/rdnews.al\/index.php\/wp-json\/wp\/v2\/categories?post=66484"},{"taxonomy":"post_tag","embeddable":true,"href":"https:\/\/rdnews.al\/index.php\/wp-json\/wp\/v2\/tags?post=66484"}],"curies":[{"name":"wp","href":"https:\/\/api.w.org\/{rel}","templated":true}]}}