{"id":66496,"date":"2023-12-18T18:54:13","date_gmt":"2023-12-18T18:54:13","guid":{"rendered":"https:\/\/rdnews.al\/?p=66496"},"modified":"2023-12-18T18:57:58","modified_gmt":"2023-12-18T18:57:58","slug":"ekspertet-projektligji-per-zonat-e-mbrojtura-u-sherben-oligarkeve-i-zhduk-nga-realiteti","status":"publish","type":"post","link":"https:\/\/rdnews.al\/index.php\/2023\/12\/18\/ekspertet-projektligji-per-zonat-e-mbrojtura-u-sherben-oligarkeve-i-zhduk-nga-realiteti\/","title":{"rendered":"Ekspert\u00ebt: Projektligji p\u00ebr Zonat e Mbrojtura u sh\u00ebrben oligark\u00ebve, i zhduk nga realiteti"},"content":{"rendered":"<p>Ndryshimet n\u00eb \u201cLigjin p\u00ebr Zonat e Mbrojtura\u201d i hapin rrug\u00eb nd\u00ebrtimit n\u00eb k\u00ebto zona, pasi u jep t\u00eb drejt\u00ebn bashkive t\u00eb menaxhojn\u00eb t\u00eb pakt\u00ebn \u00a020% t\u00eb territorit t\u00eb tyre. Nisma u paraqit n\u00eb Kuvend nga 12 deputet\u00eb t\u00eb mazhoranc\u00ebs, t\u00eb cil\u00ebt argumentojn\u00eb se projektligji i ri do t\u00eb ndal\u00eb shpopullimin. Mir\u00ebpo, ekspert\u00ebt mjedisor\u00eb paralajm\u00ebrojn\u00eb se projektligji zhduk p\u00ebrfundimisht Zonat e Mbrojtura, me Nart\u00ebn n\u00eb krye t\u00eb list\u00ebs pasuar nga zona t\u00eb tjera n\u00eb bregdet, me pasoja shkat\u00ebrruese p\u00ebr flor\u00ebn dhe faun\u00ebn.<\/p>\n<p>N\u00ebp\u00ebrmjet nj\u00eb projektligji t\u00eb depozituar n\u00eb Kuvend n\u00eb muajin n\u00ebntor, firmosur nga 12 deputet\u00eb t\u00eb Partis\u00eb Socialiste \u00ebsht\u00eb k\u00ebrkuar ndryshimi i Ligjit\u00a0<a href=\"https:\/\/turizmi.gov.al\/wp-content\/uploads\/2018\/05\/Ligj_81_2017_04.05.2017-Per-Zonat-e-Mbrojtura.pdf\" target=\"_blank\" rel=\"noopener\">Nr. 81\/2017 \u201cPer zonat e mbrojtura<\/a>\u201d. Disa nga ndryshimet e propozuara lidhen me kompetencat e bashkive n\u00eb Zonat e Mbrojtura dhe lejimin e nd\u00ebrtimeve n\u00eb k\u00ebto zona.<\/p>\n<p>Neni 6\u00a0<a href=\"chrome-extension:\/\/efaidnbmnnnibpcajpcglclefindmkaj\/https:\/web-api.parlament.al\/Files\/202311221415451990Projektligj.pdf\">i projektiligjit<\/a>: \u201cP\u00ebr disa shtesa dhe ndryshime n\u00eb Ligjin Nr. 81\/2017 P\u00ebr zonat e mbrojtura\u201d p\u00ebrcakton: \u201cN\u00eb nenin 8, pas pik\u00ebs 3 shtohet pika 3\/1 me permbajtje: \u201c3\/1. N\u00eb \u00e7do rast, Bashkia p\u00ebrkat\u00ebse administron jo m\u00eb pak se 20% t\u00eb sip\u00ebrfaqeve t\u00eb zonave t\u00eb mbrojtura q\u00eb jan\u00eb n\u00eb territorin e k\u00ebsaj bashkie\u201d.<\/p>\n<p>N\u00eb propozimin p\u00ebr ndryshimin n\u00eb nenin 16, ku p\u00ebrfshihen Parqet Komb\u00ebtare theksohet se lejohen projekte t\u00eb miratuara nga KKT, t\u00eb propozuara nga Ministria e Mjedisit apo bashkit\u00eb.<\/p>\n<p>\u201cN\u00eb g\u00ebrm\u00ebn \u2018c\u2019 t\u00eb pik\u00ebs 2 pas togfjal\u00ebshit \u2026\u00a0gazit me shtrirje t\u00eb gjat\u00eb\u00a0\u2026. shtohet togfjal\u00ebshi\u00a0p\u00ebrve\u00e7; projekteve t\u00eb miratuara nga KKT t\u00eb propozuara nga Ministrit\u00eb p\u00ebrgjegj\u00ebse ose bashkit\u00eb p\u00ebrkat\u00ebse ku t\u00eb evidentohet r\u00ebnd\u00ebsia komb\u00ebtare e investimit dhe q\u00eb investimi zbaton\/respekton kriteret m\u00eb t\u00eb lart\u00eb t\u00eb mbrojtjes s\u00eb mjedisit dhe ndikimit m\u00eb t\u00eb ul\u00ebt n\u00eb natyr\u00eb dhe biodiversitet\u201d, thuhet n\u00eb nenin 10 t\u00eb projektligjit.<\/p>\n<p><img loading=\"lazy\" decoding=\"async\" class=\"alignnone size-medium wp-image-66497\" src=\"https:\/\/rdnews.al\/wp-content\/uploads\/2023\/12\/1-21-300x165.jpg\" alt=\"\" width=\"300\" height=\"165\" srcset=\"https:\/\/rdnews.al\/wp-content\/uploads\/2023\/12\/1-21-300x165.jpg 300w, https:\/\/rdnews.al\/wp-content\/uploads\/2023\/12\/1-21.jpg 656w\" sizes=\"auto, (max-width: 300px) 100vw, 300px\" \/><\/p>\n<p>Nd\u00ebrsa, nj\u00eb ndryshim i propozuar \u00ebsht\u00eb edhe p\u00ebr nenin 42, ku n\u00eb\u00a0shkronj\u00ebn \u2018f\u2019 t\u00eb pik\u00ebs 3, pas fjal\u00ebve\u2019 \u2018veprimtari tradicionale\u2019 shtohen fjal\u00ebt \u2018dhe ekonomike\u2019.<\/p>\n<p><img loading=\"lazy\" decoding=\"async\" class=\"alignnone size-medium wp-image-66498\" src=\"https:\/\/rdnews.al\/wp-content\/uploads\/2023\/12\/2-13-300x105.jpg\" alt=\"\" width=\"300\" height=\"105\" srcset=\"https:\/\/rdnews.al\/wp-content\/uploads\/2023\/12\/2-13-300x105.jpg 300w, https:\/\/rdnews.al\/wp-content\/uploads\/2023\/12\/2-13.jpg 674w\" sizes=\"auto, (max-width: 300px) 100vw, 300px\" \/><\/p>\n<p>Projektligjin e mb\u00ebshteti edhe kryeministri\u00a0Edi Rama\u00a0n\u00eb fjal\u00ebn e mbajtur gjat\u00eb nj\u00eb aktiviteti p\u00ebr\u00a0Vjos\u00ebn Park Komb\u00ebtar, duke theksuar se ndryshimet jan\u00eb k\u00ebrkuar nga bashkit\u00eb.<\/p>\n<p>\u201cNe na duhet turizmi i luksit p\u00ebr njer\u00ebzit e zakonsh\u00ebm. P\u00ebrmes turizmit t\u00eb luksit, njer\u00ebzit e zakonsh\u00ebm marrin edhe t\u00eb ardhurat m\u00eb t\u00eb m\u00ebdha. Jemi n\u00eb nj\u00eb faz\u00eb t\u00eb rishikimit t\u00eb zonave t\u00eb mbrojtura q\u00eb vjen pas nj\u00eb k\u00ebrkese t\u00eb nj\u00eb numri gjithnj\u00eb e n\u00eb rritje t\u00eb kryetar\u00ebve t\u00eb bashkis\u00eb q\u00eb jan\u00eb t\u00eb vet\u00ebdish\u00ebm p\u00ebr konservimin e natyr\u00ebs dhe n\u00ebn presionin e madh p\u00ebr zhvillim ekonomik dhe kombinimi i k\u00ebtyre t\u00eb dyjave \u00ebsht\u00eb domosdoshm\u00ebri.\u201d, deklaroi Rama.<\/p>\n<p>Mbi k\u00ebto ndryshime t\u00eb propozuara, Faktoje iu drejtua me nj\u00eb k\u00ebrkes\u00eb p\u00ebr informacion Kuvendit t\u00eb Shqip\u00ebris\u00eb dhe Agjencis\u00eb Komb\u00ebtare t\u00eb Zonave t\u00eb Mbrojtura. Kuvendi sqaron se ndryshimet jan\u00eb k\u00ebrkuar nga nj\u00eb grup deputet\u00ebsh t\u00eb Grupit Parlamentar t\u00eb Partis\u00eb Socialiste.<\/p>\n<p>Nga ana tjet\u00ebr AKZM argumenton:<\/p>\n<p>\u201cMinistria e Mjedisit dhe Turizmit n\u00eb kuad\u00ebr t\u00eb procesit p\u00ebr Integrimin Europian ka nd\u00ebrmarr\u00eb iniciativ\u00ebn p\u00ebr rishikimin e legjislacionit mjedisor dhe p\u00ebrafrimin e tij me legjislacionin dhe direktivat e Bashkimit Europian, n\u00eb p\u00ebrputhje edhe me k\u00ebrkesat q\u00eb ky proces parashikon\u201d.<\/p>\n<p>M\u00eb tej shton se n\u00eb kuad\u00ebr t\u00eb k\u00ebtyre vendimeve jan\u00eb parashikuar ndryshime edhe n\u00eb ligjin p\u00ebr zonat e mbrojtura.<\/p>\n<p>\u201cReferuar k\u00ebtij urdhri, nd\u00ebr t\u00eb tjera \u00ebsht\u00eb parashikuar edhe hartimi i projektligjit \u2018P\u00ebr disa ndryshime ne ligjin nr.81\/2017 P\u00ebr Zonat e Mbrojtura\u2019, i cili po i n\u00ebnshtrohet k\u00ebtij procesi sipas p\u00ebrcaktimeve t\u00eb kuadrit ligjor n\u00eb fuqi\u201d, thekson AKZM n\u00eb p\u00ebrgjigjen zyrtare.<\/p>\n<p><img loading=\"lazy\" decoding=\"async\" class=\"alignnone size-medium wp-image-66499\" src=\"https:\/\/rdnews.al\/wp-content\/uploads\/2023\/12\/3-6-300x227.jpg\" alt=\"\" width=\"300\" height=\"227\" srcset=\"https:\/\/rdnews.al\/wp-content\/uploads\/2023\/12\/3-6-300x227.jpg 300w, https:\/\/rdnews.al\/wp-content\/uploads\/2023\/12\/3-6.jpg 598w\" sizes=\"auto, (max-width: 300px) 100vw, 300px\" \/><\/p>\n<p><strong>Ekspert\u00ebt: Projektligji zhduk Zonat e Mbrojtura<\/strong><\/p>\n<p>Eksperti i Mjedisit, Lavdosh Ferruni n\u00eb nj\u00eb intervist\u00eb p\u00ebr Faktoje paralajm\u00ebron:<\/p>\n<p>\u201cKy projektligj zhduk p\u00ebrfundimisht Zonat e Mbrojtura. Pra, Zonat e Mbrojtura ngelen n\u00eb let\u00ebr dhe n\u00eb realitet nuk do ekzistojn\u00eb m\u00eb. Me k\u00ebt\u00eb ligj i vihen minat port\u00ebs s\u00eb hyrjes n\u00eb zonat e mbrojtura. Tani nuk ka m\u00eb barrier\u00eb p\u00ebr t\u00eb hyr\u00eb n\u00eb nj\u00eb zon\u00eb t\u00eb mbrojtur.<\/p>\n<p>Natyrisht edhe \u2018Ligji p\u00ebr Zonat e Mbrojtura n\u00eb Shqip\u00ebri\u2019 q\u00eb n\u00eb 2004 kur \u00ebsht\u00eb b\u00ebr\u00eb, por edhe n\u00eb 2017 kur u b\u00eb i ri, \u00ebsht\u00eb b\u00ebr\u00eb mbi baz\u00ebn e nj\u00eb eksperience bot\u00ebrore, nuk \u00ebsht\u00eb shpikur. Nd\u00ebrsa, ajo q\u00eb po ndodh tani \u00ebsht\u00eb se qeveria shqiptare po shpik nj\u00eb ligj, por n\u00eb brend\u00ebsin\u00eb e vet, me nenet q\u00eb duhen t\u00eb ndryshohen, praktikisht e zhb\u00ebn \u2018Ligjin p\u00ebr Zonat e Mbrojtura\u2019. Praktikisht n\u00eb rastin m\u00eb ekstrem, zonat e mbrojtura do t\u00eb jen\u00eb nj\u00ebsoj si \u00e7do zon\u00eb tjet\u00ebr e territorit.\u201d<\/p>\n<p>Ferruni shpjegon arsyet pse k\u00ebrkohet t\u00eb shkohet n\u00eb k\u00ebt\u00eb ligj.<\/p>\n<p>\u201cNj\u00eb \u00ebsht\u00eb d\u00ebshira e oligark\u00ebve, t\u00eb cil\u00ebt si duket kan\u00eb ezauruar hap\u00ebsirat urbane dhe tani po k\u00ebrkojn\u00eb n\u00eb hap\u00ebsira t\u00eb tjera, si\u00e7 \u00ebsht\u00eb zona e mbrojtur, ku shohin mund\u00ebsi t\u00eb m\u00ebdha fitimi, duke p\u00ebrjashtuar impaktin n\u00eb mjedis.<\/p>\n<p>Ky agresivitet i tyre nd\u00ebrthuret me nj\u00eb etje q\u00eb kan\u00eb kryetar\u00ebt e bashkive n\u00eb gjith\u00eb Shqip\u00ebrin\u00eb p\u00ebr t\u00eb pasur m\u00eb shum\u00eb mund\u00ebsi p\u00ebr t\u00eb nd\u00ebrhyr\u00eb n\u00eb territor n\u00ebp\u00ebrmjet tenderave t\u00eb ndrysh\u00ebm. Ky binom i oligarkis\u00eb me makut\u00ebrin\u00eb e drejtuesve lokale \u00e7on n\u00eb nj\u00eb projektligj t\u00eb till\u00eb, i cili do t\u00eb ishte nj\u00eb nam i keq p\u00ebr shqiptar\u00ebt n\u00eb p\u00ebrgjith\u00ebsi n\u00eb opnionin bot\u00ebror p\u00ebr keqqeverisje t\u00eb vendit\u201d, shprehet eksperti i mjedisit.<\/p>\n<p>Ferruni shpjegon edhe d\u00ebmet p\u00ebr mjedisin q\u00eb do t\u00eb sillte sipas tij nj\u00eb ligj, q\u00eb lejon nd\u00ebrtimet n\u00eb zonat e mbrojtura.<\/p>\n<p>\u201cN\u00eb Zonat e Mbrojtura n\u00eb Shqip\u00ebri ka mbetur nj\u00eb biodiversitet shum\u00eb i larmish\u00ebm, i cili do t\u00eb d\u00ebmtohet p\u00ebrfundimisht. Fauna n\u00eb m\u00ebnyr\u00eb t\u00eb ve\u00e7ant\u00eb q\u00eb \u00ebsht\u00eb m\u00eb e ndjeshme nga k\u00ebto nd\u00ebrhyrje, do t\u00eb largohet nga territori i Shqip\u00ebris\u00eb. N\u00eb k\u00ebt\u00eb situat\u00eb do t\u00eb kemi nj\u00eb vend me nj\u00eb r\u00ebnie drastike t\u00eb faun\u00ebs s\u00eb vendit dhe padyshim edhe t\u00eb flor\u00ebs s\u00eb saj. Shqip\u00ebria, t\u00eb ve\u00e7ant\u00eb ka aspektin natyror q\u00eb do t\u00eb shkat\u00ebrrohet p\u00ebrfundimisht nga nd\u00ebrhyrjet intensive q\u00eb do t\u00eb b\u00ebhen aty\u201d, argumenton ai.<\/p>\n<p>Sipas ekspertit t\u00eb mjedisit, ky projektligj do ta kthente Shqip\u00ebrin\u00eb, nga nj\u00eb atraksion turistik n\u00eb nj\u00eb vend jo t\u00eb preferuar p\u00ebr nj\u00eb grup shum\u00eb t\u00eb madh turist\u00ebsh q\u00eb preferojn\u00eb natyr\u00ebn.<\/p>\n<p>Olsi Nika nga \u201cEcoAlbania\u201d thot\u00eb se k\u00ebto ndryshime jan\u00eb n\u00eb kund\u00ebrshtim thelb\u00ebsor me parimet e ruajtjes s\u00eb natyr\u00ebs dhe sipas tij, kjo panoram\u00eb ndryshimesh sjell \u201ct\u00ebrmetin\u201d m\u00eb t\u00eb fort\u00eb p\u00ebr sa i p\u00ebrket kuadrit ligjor t\u00eb ruajtjes s\u00eb natyr\u00ebs n\u00eb Shqip\u00ebri.<\/p>\n<p>\u201cQart\u00ebsisht k\u00ebto ndryshime jan\u00eb n\u00eb kund\u00ebrshtim thelb\u00ebsor me parimet e ruajtjes s\u00eb natyr\u00ebs dhe si t\u00eb tilla jan\u00eb t\u00eb papranueshme n\u00eb t\u00ebr\u00ebsin\u00eb e tyre nga ana jon\u00eb.<\/p>\n<p>Nga k\u00ebto ndryshime duket qart\u00ebsisht se q\u00ebllimi, nuk \u00ebsht\u00eb ruajtja dhe menaxhimi efektiv i zonave t\u00eb mbrojtura, por tjet\u00ebrsimi, aneksimi \u00e7\u2019kufizimi dhe ofrimi i k\u00ebtyre hap\u00ebsirave dhe burimeve natyrore q\u00eb ato bartin ndaj zhvillimit ekonmik t\u00eb vrullsh\u00ebm, intensive dhe t\u00eb at\u00eb\u00e7astsh\u00ebm.<\/p>\n<p>E gjith\u00eb kjo panoram\u00eb ndryshimesh n\u00eb thelb paraqet ndoshta \u201ct\u00ebrmetin\u201d m\u00eb t\u00eb fort\u00eb me efekt domino e t\u00eb pakthyesh\u00ebm sa i p\u00ebrket kuadrit ligjor t\u00eb ruajtjes s\u00eb natyr\u00ebs n\u00eb Shqip\u00ebri duke rrezikuar q\u00eb n\u00eb afatmes\u00ebm vendi yn\u00eb t\u00eb humbas\u00eb t\u00ebr\u00ebsisht trash\u00ebgimin\u00eb natyrore\u201d, argumenton Nika.<\/p>\n<p>M\u00eb tej, eksperti i mjedisit thekson se ligji ka nevoj\u00eb p\u00ebr nj\u00eb rishikim t\u00ebr\u00ebsor p\u00ebr t\u2019u harmonizuar me objektivat e proceseve integruese dhe me realitetet e reja.<\/p>\n<p>\u201cOrvatja p\u00ebr t\u2019i dh\u00ebn\u00eb m\u00eb shum\u00eb komptenca Bashkive n\u00eb \u2018administrimin\u2019 e Zonave t\u00eb Mbrojtura, duke ia marr\u00eb ato institucioneve t\u00eb specializuara si\u00e7 \u00ebsht\u00eb AKZM, n\u00eb nj\u00eb koh\u00eb q\u00eb kapacitetet e Bashkive jan\u00eb thell\u00ebsisht t\u00eb limituara t\u00eb p\u00ebrmbushin edhe ato q\u00eb kan\u00eb aktualisht, \u00ebsht\u00eb n\u00eb vetvete nj\u00eb hap paraprak dhe refraktar q\u00eb i dihet se ku t\u00eb \u00e7on: te emergjencat dhe heqja dor\u00eb nga qeverisja dhe q\u00eb p\u00ebrfundon me administrimin e k\u00ebtyre zonave nga subjektet privat\u00eb, q\u00eb n\u00eb themel t\u00eb funksionit t\u00eb tyre kan\u00eb maksimizmin e fitimit dhe konservimin e natyr\u00ebs.<\/p>\n<p>P\u00ebr m\u00eb tep\u00ebr, sjellja e modeleve \u2018sui generis\u2019 p\u00ebrmes k\u00ebtyre ndryshimeve, jo vet\u00ebm q\u00eb krijon nj\u00eb precedent t\u00eb rreziksh\u00ebm q\u00eb mund t\u00eb coj\u00eb n\u00eb zhb\u00ebrjet dhe disintegrimin e zonave t\u00eb mbrojtura, por mund t\u00eb vendos\u00eb n\u00eb nj\u00eb pozicion mjaft t\u00eb v\u00ebshtir\u00eb Shqip\u00ebrin\u00eb p\u00ebrball\u00eb angazhimeve nd\u00ebrkomb\u00ebtare dhe proceseve t\u00eb integrimit\u201d, sqaron Olsi Nika nga \u201cEcoAlbania\u201d.<\/p>\n<p><strong>Cilat zonat rrezikon ky projektigj?<\/strong><\/p>\n<p>N\u00eb lidhje me k\u00ebto ndryshime, burime q\u00eb k\u00ebrkuan t\u00eb mbeten anonime, i than\u00eb Faktoje se zonat m\u00eb t\u00eb rrezikuara jan\u00eb ato bregdetare.<\/p>\n<p>\u201cP\u00ebr mua, zonat q\u00eb rrezikojn\u00eb jan\u00eb ato bregdetare dhe k\u00ebtu v\u00eb gishtin te Velipoja, te Narta, ndoshta nj\u00eb \u00e7ik\u00eb edhe te Divjaka, q\u00eb kan\u00eb nj\u00eb presion p\u00ebr zhvillim. K\u00ebrkohen t\u00eb nd\u00ebrtohen resorte dhe n\u00eb rastin e Nart\u00ebs \u00ebsht\u00eb m\u00eb evidente, sepse ka nj\u00eb tendenc\u00eb aty. Nga aeroporti n\u00eb drejtim t\u00eb lagun\u00ebs jan\u00eb cil\u00ebsuar si zona zhvillimi. P\u00ebr mua koncepti \u00ebsht\u00eb q\u00eb t\u00eb fuqishmit t\u00eb ken\u00eb mund\u00ebsi q\u00eb t\u00eb investojn\u00eb\u201d, sqarojn\u00eb njoh\u00ebs t\u00eb mir\u00eb t\u00eb \u00e7\u00ebshtjeve t\u00eb mjedisit.<\/p>\n<p>Sipas t\u00eb nj\u00ebjtit burim, presioni p\u00ebr ndryshimin e ligjit vjen p\u00ebr shkak t\u00eb interesave t\u00eb bizneseve private.<\/p>\n<p>\u201cAty \u00ebsht\u00eb futur nj\u00eb nen q\u00eb jo m\u00eb pak se 20% t\u00eb menaxhohen nga pushteti vendor. Prapa k\u00ebsaj, p\u00ebr mua \u00ebsht\u00eb Ministria e Mjedisit, sigurisht q\u00eb ka interesa t\u00eb bashkive. N\u00eb t\u00eb drejt\u00ebn e tyre, ata kan\u00eb nevoj\u00eb q\u00eb t\u00eb zhvillojn\u00eb m\u00eb shum\u00eb, por kjo m\u00ebnyr\u00eb dh\u00ebnie \u00ebsht\u00eb gj\u00ebja m\u00eb e keqe q\u00eb mund t\u00eb ndodh\u00eb.<\/p>\n<p>P\u00ebr mua ky \u00ebsht\u00eb nj\u00eb presion q\u00eb nuk e b\u00ebjn\u00eb bashkit\u00eb, por e b\u00ebn privati q\u00eb do t\u00eb zhvilloj\u00eb n\u00ebp\u00ebr k\u00ebto zona dhe sigurisht privati duke pasur nj\u00eb der\u00eb t\u00eb mbyllur me Zonat e Mbrojtura, tani ka gjetur der\u00ebn e hapur t\u00eb Bashkive\u201d, shton ai<\/p>\n<p><strong>\u00c7far\u00eb thon\u00eb deputet\u00ebt nism\u00ebtar\u00eb?<\/strong><\/p>\n<p>Disa nga deputet\u00ebt e mazhoranc\u00ebs q\u00eb kan\u00eb firmosur projektligjin n\u00eb fjal\u00eb argumentuan n\u00eb\u00a0Komisionin p\u00ebr Veprimtarit\u00eb Prodhuese, Tregtin\u00eb dhe Mjedisin\u00a0se kjo do t\u00eb ndikoj\u00eb edhe n\u00eb frenimin e shpopullimit t\u00eb qyteteve.<\/p>\n<p>\u201cShpopullimi q\u00eb po na vjen nga k\u00ebto zona, dhe n\u00eb rast se duam ta mbajm\u00eb popullsin\u00eb n\u00eb k\u00ebto zona duhet t\u2019ju japim mund\u00ebsin\u00eb brenda rregullave q\u00eb njeh zona e mbrojtur q\u00eb t\u00eb mund ta shfryt\u00ebzojn\u00eb dhe zhvillojn\u00eb minimalisht at\u00eb zon\u00eb\u201d, argumentoi deputeti Arben P\u00ebllumbi.<\/p>\n<p>Nga ana tjet\u00ebr, deputeti i PS-s\u00eb, Ismet Beqiraj k\u00ebrkon kontrolle t\u00eb rrepta, kund\u00ebr betonizimit t\u00eb zonave.<\/p>\n<p>\u201cA do t\u00eb legalizohen t\u00eb gjitha nd\u00ebrtesat q\u00eb jan\u00eb brenda k\u00ebtyre zonave, aty dhe n\u00eb parqe arkeologjike p\u00ebr hir t\u00eb zhvillimit ekonomik, t\u00eb cilat rrezikojn\u00eb betonizimin e k\u00ebtyre zonave. Pa instrumente kontrolli na jep pasoja jo t\u00eb k\u00ebndshme. Gjith\u00e7ka ta kalojn\u00eb, ta shikojn\u00eb jo me lup\u00eb zmadhuese, por me mikroskop elektronik \u00e7do kriter dhe paramet\u00ebr\u201d, tha deputeti Beqiraj.<\/p>\n<p>Faktoje iu drejtua p\u00ebr nj\u00eb koment edhe Ministris\u00eb s\u00eb Turizimit dhe Mjedisit mbi k\u00ebt\u00eb projektligj q\u00eb ka ngjallur mjaft diskutime dhe q\u00eb sipas ekspert\u00ebve rrezikon Zonat e Mbrojtura. Mir\u00ebpo, deri n\u00eb momentin e publikimit t\u00eb k\u00ebtij artikulli, nuk kemi nj\u00eb p\u00ebrgjigje nga institucioni n\u00eb fjal\u00eb. \/<strong>Faktoje<\/strong><\/p>\n<p><img loading=\"lazy\" decoding=\"async\" class=\"alignnone size-medium wp-image-66500\" src=\"https:\/\/rdnews.al\/wp-content\/uploads\/2023\/12\/4-1-300x175.jpg\" alt=\"\" width=\"300\" height=\"175\" srcset=\"https:\/\/rdnews.al\/wp-content\/uploads\/2023\/12\/4-1-300x175.jpg 300w, https:\/\/rdnews.al\/wp-content\/uploads\/2023\/12\/4-1.jpg 765w\" sizes=\"auto, (max-width: 300px) 100vw, 300px\" \/><\/p>\n","protected":false},"excerpt":{"rendered":"<p>Ndryshimet n\u00eb \u201cLigjin p\u00ebr Zonat e Mbrojtura\u201d i hapin rrug\u00eb nd\u00ebrtimit n\u00eb k\u00ebto zona, pasi u jep t\u00eb drejt\u00ebn bashkive t\u00eb menaxhojn\u00eb t\u00eb pakt\u00ebn \u00a020% t\u00eb territorit t\u00eb tyre. Nisma u paraqit n\u00eb Kuvend nga 12 deputet\u00eb t\u00eb mazhoranc\u00ebs, t\u00eb cil\u00ebt argumentojn\u00eb se projektligji i ri do t\u00eb ndal\u00eb shpopullimin. Mir\u00ebpo, ekspert\u00ebt mjedisor\u00eb paralajm\u00ebrojn\u00eb se &hellip;<\/p>\n","protected":false},"author":4,"featured_media":66503,"comment_status":"closed","ping_status":"closed","sticky":false,"template":"","format":"standard","meta":{"footnotes":""},"categories":[37],"tags":[],"class_list":["post-66496","post","type-post","status-publish","format-standard","has-post-thumbnail","","category-politike"],"_links":{"self":[{"href":"https:\/\/rdnews.al\/index.php\/wp-json\/wp\/v2\/posts\/66496","targetHints":{"allow":["GET"]}}],"collection":[{"href":"https:\/\/rdnews.al\/index.php\/wp-json\/wp\/v2\/posts"}],"about":[{"href":"https:\/\/rdnews.al\/index.php\/wp-json\/wp\/v2\/types\/post"}],"author":[{"embeddable":true,"href":"https:\/\/rdnews.al\/index.php\/wp-json\/wp\/v2\/users\/4"}],"replies":[{"embeddable":true,"href":"https:\/\/rdnews.al\/index.php\/wp-json\/wp\/v2\/comments?post=66496"}],"version-history":[{"count":0,"href":"https:\/\/rdnews.al\/index.php\/wp-json\/wp\/v2\/posts\/66496\/revisions"}],"wp:featuredmedia":[{"embeddable":true,"href":"https:\/\/rdnews.al\/index.php\/wp-json\/wp\/v2\/media\/66503"}],"wp:attachment":[{"href":"https:\/\/rdnews.al\/index.php\/wp-json\/wp\/v2\/media?parent=66496"}],"wp:term":[{"taxonomy":"category","embeddable":true,"href":"https:\/\/rdnews.al\/index.php\/wp-json\/wp\/v2\/categories?post=66496"},{"taxonomy":"post_tag","embeddable":true,"href":"https:\/\/rdnews.al\/index.php\/wp-json\/wp\/v2\/tags?post=66496"}],"curies":[{"name":"wp","href":"https:\/\/api.w.org\/{rel}","templated":true}]}}