{"id":66527,"date":"2023-12-18T20:52:25","date_gmt":"2023-12-18T20:52:25","guid":{"rendered":"https:\/\/rdnews.al\/?p=66527"},"modified":"2023-12-18T20:52:25","modified_gmt":"2023-12-18T20:52:25","slug":"ish-prokurori-i-krimeve-te-renda-keshilli-i-mandateve-veproi-me-hile-per-rastin-e-mandatit-te-berishes","status":"publish","type":"post","link":"https:\/\/rdnews.al\/index.php\/2023\/12\/18\/ish-prokurori-i-krimeve-te-renda-keshilli-i-mandateve-veproi-me-hile-per-rastin-e-mandatit-te-berishes\/","title":{"rendered":"Ish-prokurori i Krimeve t\u00eb R\u00ebnda: K\u00ebshilli i Mandateve veproi me hile p\u00ebr rastin e mandatit t\u00eb Berish\u00ebs"},"content":{"rendered":"<p>K\u00ebshilli i Mandateve dhe Imuniteteve miratoi sot me 6 vota pro dhe asnj\u00eb kund\u00ebr q\u00eb k\u00ebrkesa e Prokuroris\u00eb s\u00eb Posa\u00e7me t\u2019i kaloj\u00eb Parlamentit p\u00ebr heqjen e mandatit t\u00eb deputetit Sali Berisha.<\/p>\n<p>Eugen Beci, ish-prokuror i Krimeve t\u00eb R\u00ebnda, deklaroi n\u00eb emisionin \u201cT\u00eb Paekspozuarit\u201d,, se K\u00ebshilli i Mandateve veproi me hile, duke mos i k\u00ebrkuar Prokuroris\u00eb s\u00eb Posa\u00e7me arsyet e k\u00ebrkes\u00ebs p\u00ebr heqjen e mandatit t\u00eb Berish\u00ebs.<\/p>\n<p>\u201cAjo q\u00eb ndodhi sot n\u00eb Kuvendin e Shqip\u00ebris\u00eb, si\u00e7 tha edhe z. Alibeaj, \u00ebsht\u00eb nj\u00eb k\u00ebrkes\u00eb proceduriale rutin\u00eb. Gjykata Kushtetuese do t\u00eb gjykoj\u00eb m\u00eb von\u00eb k\u00ebrkes\u00ebn e 1\/5 s\u00eb deputet\u00ebve, ndaj K\u00ebshilli i Mandateve zhvilloi nj\u00eb procedur\u00eb rutin\u00eb.<\/p>\n<p>Gjykata Kushtetuese mund t\u00eb rr\u00ebzoj\u00eb gjith\u00e7ka, edhe vendimin e sot\u00ebm e t\u00eb Kuvendit, por nuk mund ta pezullonte sot.<\/p>\n<p>Prokuroria e Posa\u00e7me ka menduar q\u00eb duhet t\u00eb r\u00ebndohen kushtet ndaj nj\u00eb shtetasi. Sot u k\u00ebrkua heqja e imunitetit t\u00eb nj\u00eb deputeti. N\u00eb rastin m\u00eb t\u00eb af\u00ebrt t\u00eb till\u00eb, at\u00eb t\u00eb Saimir Tahirit, K\u00ebshilli i Mandateve i dha autorizim Prokuroris\u00eb s\u00eb Krimeve t\u00eb R\u00ebnda q\u00eb t\u00eb caktonte detyrim p\u00ebr mas\u00eb paraqitje, ndalimin e daljes jasht\u00eb shtetit dhe kontrollit personal, pra kuptojm\u00eb q\u00eb Kuvendi i Shqip\u00ebris\u00eb paska autorizim p\u00ebr t\u00eb ndaluar daljen jasht\u00eb shtetit, dhe n\u00eb analogji me dit\u00ebn e sotme duket se \u00ebsht\u00eb tejkaluar nga Prokuroria e Posa\u00e7me.<\/p>\n<p>Sot K\u00ebshilli i mandateve anashkaloi me hile, sepse, n\u00ebse i shkon Kuvendit dhe i thua dua q\u00eb t\u00eb lufizoj apo t\u00eb heq imunitetin e nj\u00eb deputeti, ligji parashikon q\u00eb ti duhet t\u00eb shkosh me nj\u00eb relacion konkret dhe t\u2019i thuash arsyet me prova ku ti e bazon k\u00ebt\u00eb k\u00ebrkes\u00eb dhe nuk mundet q\u00eb t\u00eb ec\u00ebsh me hile proceduriale dhe t\u00eb thuash se ne nuk kemi pun\u00eb me fabul\u00ebn, por kemi pun\u00eb me k\u00ebt\u00eb njeriun q\u00eb i kam caktuar detyrim p\u00ebr t\u2019u paraqitur dhe nuk \u00ebsht\u00eb paraqitur. Nuk funksionon k\u00ebshtu, q\u00eb t\u00eb shkosh dhe t\u00eb k\u00ebrkosh heqjen e imunitetit dhe t\u00eb mos thuash se \u00e7far\u00eb ka b\u00ebr\u00eb. Ligji e ka t\u00eb p\u00ebrcaktuar qart\u00eb q\u00eb kur i drejtohesh \u00a0parlamentit p\u00ebr heqjen e imunitetit, duhet ta shoq\u00ebrosh me nj\u00eb relacion me fakte\u201d, tha Beci.<\/p>\n","protected":false},"excerpt":{"rendered":"<p>K\u00ebshilli i Mandateve dhe Imuniteteve miratoi sot me 6 vota pro dhe asnj\u00eb kund\u00ebr q\u00eb k\u00ebrkesa e Prokuroris\u00eb s\u00eb Posa\u00e7me t\u2019i kaloj\u00eb Parlamentit p\u00ebr heqjen e mandatit t\u00eb deputetit Sali Berisha. Eugen Beci, ish-prokuror i Krimeve t\u00eb R\u00ebnda, deklaroi n\u00eb emisionin \u201cT\u00eb Paekspozuarit\u201d,, se K\u00ebshilli i Mandateve veproi me hile, duke mos i k\u00ebrkuar Prokuroris\u00eb &hellip;<\/p>\n","protected":false},"author":4,"featured_media":58523,"comment_status":"closed","ping_status":"closed","sticky":false,"template":"","format":"standard","meta":{"footnotes":""},"categories":[37],"tags":[],"class_list":["post-66527","post","type-post","status-publish","format-standard","has-post-thumbnail","","category-politike"],"_links":{"self":[{"href":"https:\/\/rdnews.al\/index.php\/wp-json\/wp\/v2\/posts\/66527","targetHints":{"allow":["GET"]}}],"collection":[{"href":"https:\/\/rdnews.al\/index.php\/wp-json\/wp\/v2\/posts"}],"about":[{"href":"https:\/\/rdnews.al\/index.php\/wp-json\/wp\/v2\/types\/post"}],"author":[{"embeddable":true,"href":"https:\/\/rdnews.al\/index.php\/wp-json\/wp\/v2\/users\/4"}],"replies":[{"embeddable":true,"href":"https:\/\/rdnews.al\/index.php\/wp-json\/wp\/v2\/comments?post=66527"}],"version-history":[{"count":0,"href":"https:\/\/rdnews.al\/index.php\/wp-json\/wp\/v2\/posts\/66527\/revisions"}],"wp:featuredmedia":[{"embeddable":true,"href":"https:\/\/rdnews.al\/index.php\/wp-json\/wp\/v2\/media\/58523"}],"wp:attachment":[{"href":"https:\/\/rdnews.al\/index.php\/wp-json\/wp\/v2\/media?parent=66527"}],"wp:term":[{"taxonomy":"category","embeddable":true,"href":"https:\/\/rdnews.al\/index.php\/wp-json\/wp\/v2\/categories?post=66527"},{"taxonomy":"post_tag","embeddable":true,"href":"https:\/\/rdnews.al\/index.php\/wp-json\/wp\/v2\/tags?post=66527"}],"curies":[{"name":"wp","href":"https:\/\/api.w.org\/{rel}","templated":true}]}}