{"id":66574,"date":"2023-12-19T09:30:56","date_gmt":"2023-12-19T09:30:56","guid":{"rendered":"https:\/\/rdnews.al\/?p=66574"},"modified":"2023-12-19T09:53:57","modified_gmt":"2023-12-19T09:53:57","slug":"ceo-i-sigal-uniqa-group-austria-avni-ponari-nderohet-me-cmimin-grand-excellence-2023","status":"publish","type":"post","link":"https:\/\/rdnews.al\/index.php\/2023\/12\/19\/ceo-i-sigal-uniqa-group-austria-avni-ponari-nderohet-me-cmimin-grand-excellence-2023\/","title":{"rendered":"CEO i \u201cSIGAL UNIQA Group Austria\u201d, Avni Ponari nderohet me \u00e7mimin \u201cGrand Excellence 2023\u201d"},"content":{"rendered":"<p>Bordi i \u201cAlbanian Excellence\u201d\u00a0 ka nderuar me \u00e7mimin\u00a0 \u201cGrand Excellence 2023\u201d\u00a0 themeluesin dhe Drejtorin e P\u00ebrgjithsh\u00ebm t\u00eb SIGAL UNIQA Group Austria, z.Avni Ponari.<\/p>\n<p>\u00c7mimi iu dor\u00ebzua z.Ponari gjat\u00eb nj\u00eb darke gala n\u00eb Tiran\u00eb si nj\u00eb shenj\u00eb mir\u00ebnjohje p\u00ebr t\u00eb gjith\u00eb kontributin e\u00a0 vyer q\u00eb ka dh\u00ebn\u00eb gjat\u00eb gjith\u00eb aktivitetit t\u00eb tij n\u00eb krye t\u00eb Grupit m\u00eb t\u00eb madh t\u00eb sigurimeve n\u00eb Shqip\u00ebri, Kosov\u00eb dhe Maqedonin\u00eb e Veriut.<\/p>\n<p>\u201cJu, si Drejtor i P\u00ebrgjithsh\u00ebm\u00a0 SIGAL UNIQA Group Austria q\u00eb prej 22 shkurt 1999, keni b\u00ebr\u00eb q\u00eb ajo t\u00eb jet\u00eb\u00a0 kompania lider dhe m\u00eb e suksesshme e tregut t\u00eb sigurimeve n\u00eb Shqip\u00ebri dhe n\u00eb Rajon.<\/p>\n<p>Ju jeni nj\u00eb nd\u00ebr sip\u00ebrmarr\u00ebsit m\u00eb t\u00eb suksessh\u00ebm n\u00eb vend, duke u shnd\u00ebrruar jo vet\u00ebm n\u00eb nj\u00eb lider n\u00eb fush\u00ebn e biznesit, por dhe me ndikim pozitiv n\u00eb zhvillimet e jet\u00ebs ekonomike, sociale, sportive dhe kulturore t\u00eb vendit\u201d, thuhet nd\u00ebr t\u00eb tjera n\u00eb motivacionin e \u201cAlbanian Excellence\u201d.<\/p>\n<p><iframe loading=\"lazy\" title=\"Avni Ponari at Grand Excellence 2023\" width=\"618\" height=\"464\" src=\"https:\/\/www.youtube.com\/embed\/5XIH4KAubf4?feature=oembed\" frameborder=\"0\" allow=\"accelerometer; autoplay; clipboard-write; encrypted-media; gyroscope; picture-in-picture; web-share\" referrerpolicy=\"strict-origin-when-cross-origin\" allowfullscreen><\/iframe><\/p>\n<p>Z.Avni Ponari \u00ebsht\u00eb nj\u00eb nd\u00ebr sip\u00ebrmarr\u00ebsit m\u00eb t\u00eb suksessh\u00ebm n\u00eb vend, sip\u00ebrmarrjet e t\u00eb cilit e kan\u00eb kthyer at\u00eb, jo vet\u00ebm n\u00eb nj\u00eb lider n\u00eb fush\u00ebn e biznesit.<\/p>\n<p>Ai \u00ebsht\u00eb nj\u00eb nga investitor\u00ebt m\u00eb t\u00eb r\u00ebnd\u00ebsish\u00ebm me impakt t\u00eb konsideruesh\u00ebm n\u00eb ekonomi dhe drejtues i suksessh\u00ebm i nj\u00eb s\u00ebr\u00eb sip\u00ebrmarrjesh t\u00eb tjera n\u00eb fush\u00ebn e turzimit dhe sip\u00ebrmarrjeve\/bizneseve financiare.<\/p>\n<p>Prej vitit 2009 Z. Ponari \u00ebsht\u00eb Konsull i P\u00ebrgjithsh\u00ebm Nderi i Japonis\u00eb n\u00eb Shqip\u00ebri, Kryetar Bordi dhe President i Dhom\u00ebs s\u00eb Tregtis\u00eb dhe Industris\u00eb Shqip\u00ebri \u2013 Japoni; An\u00ebtar i disa prej Dhomave m\u00eb t\u00eb r\u00ebnd\u00ebsishme t\u00eb Tregtis\u00eb dhe Industris\u00eb nd\u00ebrmjet Shqip\u00ebris\u00eb dhe vendeve t\u00eb tjera dhe President i Federat\u00ebs Shqiptare t\u00eb Basketbollit.<\/p>\n<p>Ai \u00ebsht\u00eb diplomuar n\u00eb Marin\u00eb n\u00eb Universitetin e Vlor\u00ebs dhe n\u00eb Fakultetin e Drejt\u00ebsis\u00eb n\u00eb Universitetin e Tiran\u00ebs, nd\u00ebrsa ka marr\u00eb nj\u00eb s\u00ebr\u00eb kualifikimesh dhe trajnimesh t\u00eb ndryshme nga kompanit\u00eb m\u00eb t\u00eb njohura t\u00eb sigurimeve dhe risigurimeve n\u00eb bot\u00eb.<\/p>\n<p>Z.Ponari \u00ebsht\u00eb fitues i shum\u00eb \u00e7mimeve dhe vler\u00ebsimeve komb\u00ebtare dhe nd\u00ebrkomb\u00ebtare:<\/p>\n<ul>\n<li><strong>\u201cThe Order of the Rising Sun, Gold Rays with Neck Ribbon<\/strong>\u201d nga Perandori Japonez p\u00ebr kontributet e tij t\u00eb jasht\u00ebzakonshme p\u00ebr promovimin e shk\u00ebmbimeve dhe forcimin e m\u00ebtejsh\u00ebm t\u00eb marr\u00ebdh\u00ebnieve miq\u00ebsore nd\u00ebrmjet Shqip\u00ebris\u00eb dhe Japonis\u00eb, dhe m\u00eb her\u00ebt \u2018<strong>Certifikat\u00ebn e Mir\u00ebnjohjes<\/strong>\u2019 nga qeveria japoneze, n\u00eb cil\u00ebsin\u00eb e tij si \u2018Konsull i P\u00ebrgjithsh\u00ebm Nderi i Japonis\u00eb\u2019.<\/li>\n<li>\u2018<strong>Dekorata e Lart\u00eb e Nderit<\/strong>\u201d nga <strong>Presidenti i Austris\u00eb<\/strong> Alexander Van der Bellen (Nj\u00eb nga Dekoratat m\u00eb t\u00eb larta e akorduar nga Republika e Austris\u00eb) me rastin e 20-vjetorit t\u00eb SIGAL UNIQA Group Austria.<\/li>\n<li>\u201c<strong>Drejtuesi m\u00eb i mir\u00eb i kompanis\u00eb s\u00eb sigurimeve n\u00eb Shqip\u00ebri dhe n\u00eb Evrop\u00ebn Juglindore p\u00ebr vitin 2021\/22<\/strong>\u201d, nga \u201c<strong>Finance Central Europe<\/strong>\u201d:<\/li>\n<li>\u201c<strong>20 CEO me Performanc\u00ebn m\u00eb t\u00eb Mir\u00eb n\u00eb vitin 2020<\/strong>\u201d nga \u201c<strong>Insight Success Media Tech<\/strong>\u201d<\/li>\n<li>\u2018<strong>Njeriu i Vitit\u2019<\/strong> nga \u2018<strong>Instituti Amerikan Biografik\u2019<\/strong>;<\/li>\n<li>\u2018<strong>Menaxher i Vitit\u2019<\/strong> nga \u2018<strong>Komiteti i Sokratit t\u00eb Oxfordit\u2019<\/strong>, n\u00eb Mbret\u00ebrin\u00eb e Bashkuar;<\/li>\n<li>\u2018<strong>Kavalier i Paqes\u2019<\/strong> nga \u2018<strong>Qendra Nd\u00ebrkomb\u00ebtare p\u00ebr Paqen mes Njer\u00ebzve\u2019<\/strong><\/li>\n<li>\u2018<strong>Qytetar Nderi\u2019<\/strong> i<strong> Bajram Currit, Durr\u00ebsit e Elbasanit, dhe \u201cPersonaliteti i Vitit\u201d nga disa gazeta.<\/strong><\/li>\n<li><\/li>\n<li><strong> <img loading=\"lazy\" decoding=\"async\" class=\"alignnone size-medium wp-image-66576\" src=\"https:\/\/rdnews.al\/wp-content\/uploads\/2023\/12\/p-2-300x200.jpg\" alt=\"\" width=\"300\" height=\"200\" srcset=\"https:\/\/rdnews.al\/wp-content\/uploads\/2023\/12\/p-2-300x200.jpg 300w, https:\/\/rdnews.al\/wp-content\/uploads\/2023\/12\/p-2-768x512.jpg 768w, https:\/\/rdnews.al\/wp-content\/uploads\/2023\/12\/p-2.jpg 1024w\" sizes=\"auto, (max-width: 300px) 100vw, 300px\" \/><\/strong><\/li>\n<\/ul>\n","protected":false},"excerpt":{"rendered":"<p>Bordi i \u201cAlbanian Excellence\u201d\u00a0 ka nderuar me \u00e7mimin\u00a0 \u201cGrand Excellence 2023\u201d\u00a0 themeluesin dhe Drejtorin e P\u00ebrgjithsh\u00ebm t\u00eb SIGAL UNIQA Group Austria, z.Avni Ponari. \u00c7mimi iu dor\u00ebzua z.Ponari gjat\u00eb nj\u00eb darke gala n\u00eb Tiran\u00eb si nj\u00eb shenj\u00eb mir\u00ebnjohje p\u00ebr t\u00eb gjith\u00eb kontributin e\u00a0 vyer q\u00eb ka dh\u00ebn\u00eb gjat\u00eb gjith\u00eb aktivitetit t\u00eb tij n\u00eb krye t\u00eb Grupit &hellip;<\/p>\n","protected":false},"author":4,"featured_media":66575,"comment_status":"closed","ping_status":"closed","sticky":false,"template":"","format":"standard","meta":{"footnotes":""},"categories":[42],"tags":[],"class_list":["post-66574","post","type-post","status-publish","format-standard","has-post-thumbnail","","category-kulture"],"_links":{"self":[{"href":"https:\/\/rdnews.al\/index.php\/wp-json\/wp\/v2\/posts\/66574","targetHints":{"allow":["GET"]}}],"collection":[{"href":"https:\/\/rdnews.al\/index.php\/wp-json\/wp\/v2\/posts"}],"about":[{"href":"https:\/\/rdnews.al\/index.php\/wp-json\/wp\/v2\/types\/post"}],"author":[{"embeddable":true,"href":"https:\/\/rdnews.al\/index.php\/wp-json\/wp\/v2\/users\/4"}],"replies":[{"embeddable":true,"href":"https:\/\/rdnews.al\/index.php\/wp-json\/wp\/v2\/comments?post=66574"}],"version-history":[{"count":0,"href":"https:\/\/rdnews.al\/index.php\/wp-json\/wp\/v2\/posts\/66574\/revisions"}],"wp:featuredmedia":[{"embeddable":true,"href":"https:\/\/rdnews.al\/index.php\/wp-json\/wp\/v2\/media\/66575"}],"wp:attachment":[{"href":"https:\/\/rdnews.al\/index.php\/wp-json\/wp\/v2\/media?parent=66574"}],"wp:term":[{"taxonomy":"category","embeddable":true,"href":"https:\/\/rdnews.al\/index.php\/wp-json\/wp\/v2\/categories?post=66574"},{"taxonomy":"post_tag","embeddable":true,"href":"https:\/\/rdnews.al\/index.php\/wp-json\/wp\/v2\/tags?post=66574"}],"curies":[{"name":"wp","href":"https:\/\/api.w.org\/{rel}","templated":true}]}}