{"id":66588,"date":"2023-12-19T10:23:37","date_gmt":"2023-12-19T10:23:37","guid":{"rendered":"https:\/\/rdnews.al\/?p=66588"},"modified":"2023-12-19T10:23:37","modified_gmt":"2023-12-19T10:23:37","slug":"ceshtja-e-inceneratoreve-eshte-nje-pazar-i-prishur-diku-atje-lart","status":"publish","type":"post","link":"https:\/\/rdnews.al\/index.php\/2023\/12\/19\/ceshtja-e-inceneratoreve-eshte-nje-pazar-i-prishur-diku-atje-lart\/","title":{"rendered":"\u00c7\u00ebshtja e incenerator\u00ebve \u00ebsht\u00eb nj\u00eb pazar i prishur diku atje lart"},"content":{"rendered":"<p><strong>Nga Ylli MANJANI<\/strong><\/p>\n<p>P\u00ebr fat t\u00eb keq sa m\u00eb shum\u00eb rr\u00ebmohet n\u00eb publik p\u00ebr \u00e7\u00ebshtjen e incenerator\u00ebve, aq m\u00eb shum\u00eb fshihen disa t\u00eb v\u00ebrteta t\u00eb thjeshta.<\/p>\n<p>Fjala vjen:<\/p>\n<ol>\n<li>Pse u vendos t\u00eb kalohej n\u00eb skem\u00ebn me incenerim?<\/li>\n<li>P\u00ebrse 3 incenerator\u00eb?! A prodhon mbetje mjaftuesh\u00ebm nj\u00eb vend me 2 milion\u00eb banor\u00eb efektiv\u00eb p\u00ebr t\u00eb mbajtur ndezur 3 incenerator\u00eb?!<\/li>\n<li>Inceneratori i Elbasanit nuk punon gjith\u00eb koh\u00ebs se nuk ka mbetje p\u00ebr t\u00eb djegur apo nuk \u00ebsht\u00eb nd\u00ebrtuar mir\u00eb?!<\/li>\n<li>Inceneratori i Fierit nuk \u00ebsht\u00eb ndezur se \u00ebsht\u00eb nd\u00ebrtuar keq, nuk ka mbetje p\u00ebr t\u00eb djegur, apo arsye tjet\u00ebr?!<\/li>\n<li>Kush i mori vendimet p\u00ebr incenerim dhe cila ishte marr\u00ebdh\u00ebnia n\u00eb qeverin\u00eb e koalicionit PS-LSI p\u00ebr k\u00ebt\u00eb \u00e7\u00ebshtje?!<\/li>\n<li>\u00c7far\u00eb raporti politik\u00eb-biznes u prish dhe, n\u00eb \u00e7&#8217;moment q\u00eb loja shp\u00ebrtheu n\u00eb sulme publike?!<\/li>\n<li>A ishte skema e incenerimit nj\u00eb vorbull financiare?!<\/li>\n<li>Po Tirana a u studiua mir\u00eb si rast?!<\/li>\n<li>Sa korrekte ishin vendimet e shtetit?!<\/li>\n<\/ol>\n<p>Sigurisht q\u00eb k\u00ebtu duhen k\u00ebrkuar emrat e d\u00ebshmitar\u00ebt publik\u00eb.<\/p>\n<p>Pa iu p\u00ebrgjigjur deri n\u00eb fund e me v\u00ebrtet\u00ebsi k\u00ebtyre pyetjeve, zor se gjendet e v\u00ebrteta tek zbatuesit e atyre vendimeve. Sa m\u00eb larg t\u00eb shkohet n\u00eb zbatim, aq m\u00eb shum\u00eb fshihet e v\u00ebrteta. Ata q\u00eb jan\u00eb n\u00eb burg jan\u00eb fundi i kavallit&#8230;<\/p>\n<p>Bindja ime p\u00ebr k\u00ebt\u00eb \u00e7\u00ebshtje \u00ebsht\u00eb se ka qen\u00eb nj\u00eb pazar i prishur diku atje lart, n\u00eb nj\u00eb moment t\u00eb caktuar, q\u00eb shp\u00ebrtheu loj\u00ebn.\u00a0 Ai pazar, po t\u00eb ishte zbatuar, nuk do kishte as denoncues e as t\u00eb denoncuar. As media nuk do ishte e ndar\u00eb n\u00eb pro e kund\u00ebr. Por do kishte 3 vendime thell\u00ebsisht t\u00eb gabuara q\u00eb g\u00eblltisnin para publike, ashtu urt\u00eb e but\u00eb e pa u ndjer\u00eb&#8230;<\/p>\n<p>Drejt\u00ebsia penale nuk mjafton p\u00ebr t\u00eb zbuluar k\u00ebto v\u00ebrteta&#8230;<\/p>\n<p>P\u00ebrkundrazi ajo e katandis \u00e7\u00ebshtjen n\u00eb disa bileta avion\u00ebsh, se kaq mandat ka&#8230;<\/p>\n<p>&nbsp;<\/p>\n","protected":false},"excerpt":{"rendered":"<p>Nga Ylli MANJANI P\u00ebr fat t\u00eb keq sa m\u00eb shum\u00eb rr\u00ebmohet n\u00eb publik p\u00ebr \u00e7\u00ebshtjen e incenerator\u00ebve, aq m\u00eb shum\u00eb fshihen disa t\u00eb v\u00ebrteta t\u00eb thjeshta. Fjala vjen: Pse u vendos t\u00eb kalohej n\u00eb skem\u00ebn me incenerim? P\u00ebrse 3 incenerator\u00eb?! A prodhon mbetje mjaftuesh\u00ebm nj\u00eb vend me 2 milion\u00eb banor\u00eb efektiv\u00eb p\u00ebr t\u00eb mbajtur ndezur &hellip;<\/p>\n","protected":false},"author":4,"featured_media":1522,"comment_status":"closed","ping_status":"closed","sticky":false,"template":"","format":"standard","meta":{"footnotes":""},"categories":[44],"tags":[],"class_list":["post-66588","post","type-post","status-publish","format-standard","has-post-thumbnail","","category-editorial"],"_links":{"self":[{"href":"https:\/\/rdnews.al\/index.php\/wp-json\/wp\/v2\/posts\/66588","targetHints":{"allow":["GET"]}}],"collection":[{"href":"https:\/\/rdnews.al\/index.php\/wp-json\/wp\/v2\/posts"}],"about":[{"href":"https:\/\/rdnews.al\/index.php\/wp-json\/wp\/v2\/types\/post"}],"author":[{"embeddable":true,"href":"https:\/\/rdnews.al\/index.php\/wp-json\/wp\/v2\/users\/4"}],"replies":[{"embeddable":true,"href":"https:\/\/rdnews.al\/index.php\/wp-json\/wp\/v2\/comments?post=66588"}],"version-history":[{"count":0,"href":"https:\/\/rdnews.al\/index.php\/wp-json\/wp\/v2\/posts\/66588\/revisions"}],"wp:featuredmedia":[{"embeddable":true,"href":"https:\/\/rdnews.al\/index.php\/wp-json\/wp\/v2\/media\/1522"}],"wp:attachment":[{"href":"https:\/\/rdnews.al\/index.php\/wp-json\/wp\/v2\/media?parent=66588"}],"wp:term":[{"taxonomy":"category","embeddable":true,"href":"https:\/\/rdnews.al\/index.php\/wp-json\/wp\/v2\/categories?post=66588"},{"taxonomy":"post_tag","embeddable":true,"href":"https:\/\/rdnews.al\/index.php\/wp-json\/wp\/v2\/tags?post=66588"}],"curies":[{"name":"wp","href":"https:\/\/api.w.org\/{rel}","templated":true}]}}