{"id":66646,"date":"2023-12-19T14:35:51","date_gmt":"2023-12-19T14:35:51","guid":{"rendered":"https:\/\/rdnews.al\/?p=66646"},"modified":"2023-12-19T14:43:10","modified_gmt":"2023-12-19T14:43:10","slug":"berisha-te-enjten-shqiperia-eshte-perpara-parlamentit","status":"publish","type":"post","link":"https:\/\/rdnews.al\/index.php\/2023\/12\/19\/berisha-te-enjten-shqiperia-eshte-perpara-parlamentit\/","title":{"rendered":"Berisha: T\u00eb enjten Shqip\u00ebria \u00ebsht\u00eb p\u00ebrpara Parlamentit!"},"content":{"rendered":"<p>Kryetari i Partis\u00eb Demokratike Sali Berisha ka folur p\u00ebr mediat pas mbledhjes s\u00eb grupit parlamentar, ku tha se diskutimet me deputet\u00ebt ishin t\u00eb gjera. Berisha tha se, t\u00eb enjten Shqip\u00ebria \u00ebsht\u00eb p\u00ebrpara parlamentit p\u00ebr t\u00eb mbrojtur vlerat dhe parimet nga nj\u00eb sulm brutal i Edi Ram\u00ebs.<\/p>\n<p>\u201cNe do t\u00eb mbrojm\u00eb vlerat, parimet nga nj\u00eb sulm antikushtetues, brutal i Edi Ram\u00ebs dhe lakejve t\u00eb tij. U diskutua gjer\u00ebsisht mbi q\u00ebndrimet q\u00eb do t\u00eb mbahen ndaj k\u00ebtij regjimi dhe ju garantoj se do t\u00eb jen\u00eb vet\u00ebm p\u00ebrballje, p\u00ebrballje.<\/p>\n<p>Nuk ka asnj\u00eb shans q\u00eb Edi Rama t\u00eb konsolidoj\u00eb k\u00ebt\u00eb regjim antidemokratik, diktatorial, t\u00eb bazuar n\u00eb krimin, drog\u00ebn dhe vjedhjen e shqiptar\u00ebve.<\/p>\n<p>Diskutimet ishin t\u00eb gjera. T\u00eb shumta.<\/p>\n<p>Zoti Bardhi do t\u00eb ju njoh\u00eb ju me m\u00eb holl\u00ebsi p\u00ebr vendimet q\u00eb u mor\u00ebn, parimet q\u00eb do t\u00eb bazohet q\u00ebndimi yn\u00eb\u201d, tha Berisha.<\/p>\n<p><strong>Pyetje:<\/strong> O sot o kurr\u00eb, por deputet\u00ebt q\u00eb mb\u00ebshtesin Gazment Bardhi dhe ai vet\u00eb nuk ishin n\u00eb protest\u00ebn tuaj.<\/p>\n<p><strong>Sali Berisha:<\/strong> A jemi sot apo dje?<\/p>\n<p><strong>Pyetje:<\/strong> A i mb\u00ebshtesin ata protestat?<\/p>\n<p><strong>Sali Berisha:<\/strong> Dit\u00ebn e enjte Shqip\u00ebria \u00ebsht\u00eb para parlamentit. T\u00eb bashkuar absolutisht. Dit\u00ebn e enjte \u00ebsht\u00eb para parlamentit, Tirana dhe Shqip\u00ebria.<\/p>\n<p><strong>Pyetje:<\/strong> Pas dit\u00ebs s\u00eb enjte \u00e7far\u00eb do t\u00eb ndodh\u00eb?<\/p>\n<p><strong>Sali Berisha:<\/strong> Betej\u00eb pa kthim, betej\u00eb pa kthim. Mirupafshim!<\/p>\n","protected":false},"excerpt":{"rendered":"<p>Kryetari i Partis\u00eb Demokratike Sali Berisha ka folur p\u00ebr mediat pas mbledhjes s\u00eb grupit parlamentar, ku tha se diskutimet me deputet\u00ebt ishin t\u00eb gjera. Berisha tha se, t\u00eb enjten Shqip\u00ebria \u00ebsht\u00eb p\u00ebrpara parlamentit p\u00ebr t\u00eb mbrojtur vlerat dhe parimet nga nj\u00eb sulm brutal i Edi Ram\u00ebs. \u201cNe do t\u00eb mbrojm\u00eb vlerat, parimet nga nj\u00eb sulm &hellip;<\/p>\n","protected":false},"author":4,"featured_media":66648,"comment_status":"closed","ping_status":"closed","sticky":false,"template":"","format":"standard","meta":{"footnotes":""},"categories":[37],"tags":[],"class_list":["post-66646","post","type-post","status-publish","format-standard","has-post-thumbnail","","category-politike"],"_links":{"self":[{"href":"https:\/\/rdnews.al\/index.php\/wp-json\/wp\/v2\/posts\/66646","targetHints":{"allow":["GET"]}}],"collection":[{"href":"https:\/\/rdnews.al\/index.php\/wp-json\/wp\/v2\/posts"}],"about":[{"href":"https:\/\/rdnews.al\/index.php\/wp-json\/wp\/v2\/types\/post"}],"author":[{"embeddable":true,"href":"https:\/\/rdnews.al\/index.php\/wp-json\/wp\/v2\/users\/4"}],"replies":[{"embeddable":true,"href":"https:\/\/rdnews.al\/index.php\/wp-json\/wp\/v2\/comments?post=66646"}],"version-history":[{"count":0,"href":"https:\/\/rdnews.al\/index.php\/wp-json\/wp\/v2\/posts\/66646\/revisions"}],"wp:featuredmedia":[{"embeddable":true,"href":"https:\/\/rdnews.al\/index.php\/wp-json\/wp\/v2\/media\/66648"}],"wp:attachment":[{"href":"https:\/\/rdnews.al\/index.php\/wp-json\/wp\/v2\/media?parent=66646"}],"wp:term":[{"taxonomy":"category","embeddable":true,"href":"https:\/\/rdnews.al\/index.php\/wp-json\/wp\/v2\/categories?post=66646"},{"taxonomy":"post_tag","embeddable":true,"href":"https:\/\/rdnews.al\/index.php\/wp-json\/wp\/v2\/tags?post=66646"}],"curies":[{"name":"wp","href":"https:\/\/api.w.org\/{rel}","templated":true}]}}