{"id":66650,"date":"2023-12-19T17:01:00","date_gmt":"2023-12-19T17:01:00","guid":{"rendered":"https:\/\/rdnews.al\/?p=66650"},"modified":"2023-12-19T17:01:00","modified_gmt":"2023-12-19T17:01:00","slug":"bardhi-spak-1400-faqe-per-ahmetajn-zero-prova-per-berishen-mbeshtesim-protestat","status":"publish","type":"post","link":"https:\/\/rdnews.al\/index.php\/2023\/12\/19\/bardhi-spak-1400-faqe-per-ahmetajn-zero-prova-per-berishen-mbeshtesim-protestat\/","title":{"rendered":"Bardhi: SPAK, 1400 faqe p\u00ebr Ahmetajn, zero prova p\u00ebr Berish\u00ebn! Mb\u00ebshtesim protestat"},"content":{"rendered":"<p>Kreu i grupit t\u00eb PD, Gazment Bardhi n\u00eb nj\u00eb deklarat\u00eb p\u00ebr mediat foli p\u00ebr miratimi e ndryshimeve ligjore t\u00eb propozuara nga PS p\u00ebr Komisionet Hetimore p\u00ebr komisionet hetimore, si dhe p\u00ebr heqjen e imunitetit t\u00eb deputetit Sali Berisha.<\/p>\n<p>Bardhi u shpreh n\u00eb em\u00ebr t\u00eb grupit parlamentar t\u00eb PD, se ndjen keqardhje p\u00ebr standardin e dyfisht\u00eb, nd\u00ebrsa shtoi se p\u00ebr deputet\u00ebt e Partis\u00eb Socialiste respektohet Kushtetuta, nd\u00ebrsa p\u00ebr t\u00eb opozit\u00ebs jo.<\/p>\n<p>\u201cAsgj\u00ebsimi i Opozit\u00ebs p\u00ebrmes disa veprimeve t\u00eb koordinuara n\u00eb disa plan e ka b\u00ebr\u00eb q\u00eb ne t\u00eb vijojm\u00eb aksionin ton\u00eb.<\/p>\n<p>N\u00eb em\u00ebr t\u00eb grupit dua t\u00eb shpreh keqardhje p\u00ebr standardet q\u00eb ndjek mazhoranca. Kur b\u00ebhet fjal\u00eb p\u00ebr opozit\u00ebn nuk ka r\u00ebnd\u00ebsi \u00e7far\u00eb shkruhet n\u00eb Kushtetut\u00eb, por vullnetit politik i Ram\u00ebs. Dua t\u00eb p\u00ebrs\u00ebris q\u00ebndrimin e dat\u00ebs 23 tetor s en\u00eb gjykimin ton\u00eb, bazuar dhe n\u00eb portikun q\u00eb ndalimi i daljes jasht\u00eb shtetit si masa shtr\u00ebnguese do duhet patjet\u00ebr t\u00eb autorizohet nga Kuvendi.<\/p>\n<p>P\u00ebr ne \u00ebsht\u00eb e papranueshme q\u00eb n\u00eb rastin e Arben Ahmetajt, Prokuroria t\u00eb paraqitej e p\u00ebrgatitur me nj\u00eb dosje prej 1400 faqesh, nd\u00ebrkoh\u00eb p\u00ebr Berish\u00ebn ka pasur nj\u00eb relacion me 5 faqe dhe asnj\u00eb prov\u00eb shoq\u00ebruese\u201d, u shpreh Bardhi.<\/p>\n","protected":false},"excerpt":{"rendered":"<p>Kreu i grupit t\u00eb PD, Gazment Bardhi n\u00eb nj\u00eb deklarat\u00eb p\u00ebr mediat foli p\u00ebr miratimi e ndryshimeve ligjore t\u00eb propozuara nga PS p\u00ebr Komisionet Hetimore p\u00ebr komisionet hetimore, si dhe p\u00ebr heqjen e imunitetit t\u00eb deputetit Sali Berisha. Bardhi u shpreh n\u00eb em\u00ebr t\u00eb grupit parlamentar t\u00eb PD, se ndjen keqardhje p\u00ebr standardin e dyfisht\u00eb, &hellip;<\/p>\n","protected":false},"author":4,"featured_media":66651,"comment_status":"closed","ping_status":"closed","sticky":false,"template":"","format":"standard","meta":{"footnotes":""},"categories":[37],"tags":[],"class_list":["post-66650","post","type-post","status-publish","format-standard","has-post-thumbnail","","category-politike"],"_links":{"self":[{"href":"https:\/\/rdnews.al\/index.php\/wp-json\/wp\/v2\/posts\/66650","targetHints":{"allow":["GET"]}}],"collection":[{"href":"https:\/\/rdnews.al\/index.php\/wp-json\/wp\/v2\/posts"}],"about":[{"href":"https:\/\/rdnews.al\/index.php\/wp-json\/wp\/v2\/types\/post"}],"author":[{"embeddable":true,"href":"https:\/\/rdnews.al\/index.php\/wp-json\/wp\/v2\/users\/4"}],"replies":[{"embeddable":true,"href":"https:\/\/rdnews.al\/index.php\/wp-json\/wp\/v2\/comments?post=66650"}],"version-history":[{"count":0,"href":"https:\/\/rdnews.al\/index.php\/wp-json\/wp\/v2\/posts\/66650\/revisions"}],"wp:featuredmedia":[{"embeddable":true,"href":"https:\/\/rdnews.al\/index.php\/wp-json\/wp\/v2\/media\/66651"}],"wp:attachment":[{"href":"https:\/\/rdnews.al\/index.php\/wp-json\/wp\/v2\/media?parent=66650"}],"wp:term":[{"taxonomy":"category","embeddable":true,"href":"https:\/\/rdnews.al\/index.php\/wp-json\/wp\/v2\/categories?post=66650"},{"taxonomy":"post_tag","embeddable":true,"href":"https:\/\/rdnews.al\/index.php\/wp-json\/wp\/v2\/tags?post=66650"}],"curies":[{"name":"wp","href":"https:\/\/api.w.org\/{rel}","templated":true}]}}