{"id":66698,"date":"2023-12-20T09:19:07","date_gmt":"2023-12-20T09:19:07","guid":{"rendered":"https:\/\/rdnews.al\/?p=66698"},"modified":"2023-12-20T10:45:30","modified_gmt":"2023-12-20T10:45:30","slug":"manjani-nderkohe-qe-izolojne-berishen-pa-prova-e-pa-ligj-lul-ushi-propozon-denime-kush-shpif-per-ramen","status":"publish","type":"post","link":"https:\/\/rdnews.al\/index.php\/2023\/12\/20\/manjani-nderkohe-qe-izolojne-berishen-pa-prova-e-pa-ligj-lul-ushi-propozon-denime-kush-shpif-per-ramen\/","title":{"rendered":"Manjani: Nd\u00ebrkoh\u00eb q\u00eb izolojn\u00eb Berish\u00ebn pa prova e pa ligj, Lul-ushi propozon d\u00ebnime kush shpif p\u00ebr Ram\u00ebn"},"content":{"rendered":"<p><strong>Nga Ylli MANJANI<\/strong><\/p>\n<p>Rama, Rama, por nd\u00ebrkoh\u00eb Lul-ushi propozon ligje q\u00eb ta b\u00ebj\u00eb diktatin m\u00eb t\u00eb leht\u00eb.<\/p>\n<p>Nd\u00ebrkoh\u00eb q\u00eb izolojn\u00eb Berish\u00ebn (d.m.th shkat\u00ebrrojn\u00eb t\u00eb vetmen opozit\u00eb), sigurisht pa prova e pa ligj, b\u00ebjn\u00eb dhe ligjet q\u00eb rikthejn\u00eb agjitacionin e propagand\u00ebn, se helbete t\u00eb kritikosh Lul-ushin dhe Ram\u00ebn \u00ebsht\u00eb krim tashm\u00eb.<\/p>\n<p>Ka propozuar s\u00eb fundi, ministri hije i pun\u00ebve t\u00eb kota, shoku Lul-ush, q\u00eb t\u00eb rivendoset d\u00ebnimi me burg p\u00ebr fyerjen dhe shpifjen d.m.th. E hoq\u00ebm k\u00ebt\u00eb d\u00ebnim vite m\u00eb par\u00eb, kur Lul-ushi sh\u00ebrbente n\u00eb qeveri. Por tani q\u00eb i sh\u00ebrben qeveris\u00eb, ai e do ta rivendos\u00eb.<\/p>\n<p>Duan, gjithashtu me propozim t\u00eb Lul-ushit t\u00eb ndryshojn\u00eb edhe Kushtetut\u00ebn q\u00eb t\u00eb b\u00ebjn\u00eb Shqip\u00ebrin\u00eb republik\u00eb Putiniste&#8230;<\/p>\n<p>Nuk mjafton republika e Edvinit, por e do t\u00eb Putinit, Lul-ushi.<\/p>\n<p>Dhe nga mos t\u00eb kritikosh veten q\u00eb e ka mb\u00ebshtetur dhe votuar k\u00ebt\u00eb fashistuc! N\u00eb rr\u00ebz\u00eb t\u00eb na thahen duart q\u00eb i dham\u00eb vot\u00eb k\u00ebtij pala\u00e7o t\u00eb pafytyr\u00eb!<\/p>\n<p>E rrah\u00ebm pak, k\u00ebt\u00eb argument d.m.th, me Krast\u00ebn mbr\u00ebm\u00eb.<\/p>\n","protected":false},"excerpt":{"rendered":"<p>Nga Ylli MANJANI Rama, Rama, por nd\u00ebrkoh\u00eb Lul-ushi propozon ligje q\u00eb ta b\u00ebj\u00eb diktatin m\u00eb t\u00eb leht\u00eb. Nd\u00ebrkoh\u00eb q\u00eb izolojn\u00eb Berish\u00ebn (d.m.th shkat\u00ebrrojn\u00eb t\u00eb vetmen opozit\u00eb), sigurisht pa prova e pa ligj, b\u00ebjn\u00eb dhe ligjet q\u00eb rikthejn\u00eb agjitacionin e propagand\u00ebn, se helbete t\u00eb kritikosh Lul-ushin dhe Ram\u00ebn \u00ebsht\u00eb krim tashm\u00eb. Ka propozuar s\u00eb fundi, ministri &hellip;<\/p>\n","protected":false},"author":4,"featured_media":39332,"comment_status":"closed","ping_status":"closed","sticky":false,"template":"","format":"standard","meta":{"footnotes":""},"categories":[44],"tags":[],"class_list":["post-66698","post","type-post","status-publish","format-standard","has-post-thumbnail","","category-editorial"],"_links":{"self":[{"href":"https:\/\/rdnews.al\/index.php\/wp-json\/wp\/v2\/posts\/66698","targetHints":{"allow":["GET"]}}],"collection":[{"href":"https:\/\/rdnews.al\/index.php\/wp-json\/wp\/v2\/posts"}],"about":[{"href":"https:\/\/rdnews.al\/index.php\/wp-json\/wp\/v2\/types\/post"}],"author":[{"embeddable":true,"href":"https:\/\/rdnews.al\/index.php\/wp-json\/wp\/v2\/users\/4"}],"replies":[{"embeddable":true,"href":"https:\/\/rdnews.al\/index.php\/wp-json\/wp\/v2\/comments?post=66698"}],"version-history":[{"count":0,"href":"https:\/\/rdnews.al\/index.php\/wp-json\/wp\/v2\/posts\/66698\/revisions"}],"wp:featuredmedia":[{"embeddable":true,"href":"https:\/\/rdnews.al\/index.php\/wp-json\/wp\/v2\/media\/39332"}],"wp:attachment":[{"href":"https:\/\/rdnews.al\/index.php\/wp-json\/wp\/v2\/media?parent=66698"}],"wp:term":[{"taxonomy":"category","embeddable":true,"href":"https:\/\/rdnews.al\/index.php\/wp-json\/wp\/v2\/categories?post=66698"},{"taxonomy":"post_tag","embeddable":true,"href":"https:\/\/rdnews.al\/index.php\/wp-json\/wp\/v2\/tags?post=66698"}],"curies":[{"name":"wp","href":"https:\/\/api.w.org\/{rel}","templated":true}]}}