{"id":66700,"date":"2023-12-20T09:23:30","date_gmt":"2023-12-20T09:23:30","guid":{"rendered":"https:\/\/rdnews.al\/?p=66700"},"modified":"2023-12-20T09:23:30","modified_gmt":"2023-12-20T09:23:30","slug":"te-enjten-proteste-noka-brenda-kuvendit-do-te-kete-surpriza","status":"publish","type":"post","link":"https:\/\/rdnews.al\/index.php\/2023\/12\/20\/te-enjten-proteste-noka-brenda-kuvendit-do-te-kete-surpriza\/","title":{"rendered":"T\u00eb enjten protest\u00eb\/ Noka: Brenda Kuvendit do t\u00eb ket\u00eb surpriza!"},"content":{"rendered":"<p>Deputeti i PD, Flamur Noka nga studioja e emisionit \u201cOra Betit\u201d n\u00eb \u201cOra News\u201d i b\u00ebri thirrje shqiptar\u00ebve q\u00eb t\u2019i bashkohen opozit\u00ebs n\u00eb protest\u00ebn e s\u00eb enjtes para Parlamentit.<\/p>\n<p>\u201cNe jemi k\u00ebtu ashtu si\u00e7 b\u00ebm\u00eb n\u00eb vitin 1990 p\u00ebr t\u00eb o\u00ebrmbysur nj\u00eb regjim kriminal q\u00eb ua kishte pir\u00eb gjakun shqiptar\u00ebve dhe e nj\u00ebjta situat\u00eb \u00ebsht\u00eb edhe sot, kund\u00ebr nj\u00eb regjimi kriminal.<\/p>\n<p>Pra, nuk jemi p\u00ebr veten ton\u00eb, pasi ne po sakrifikojm\u00eb gjith\u00e7ka p\u00ebr nj\u00eb kauz\u00eb q\u00eb ka t\u00eb b\u00ebj\u00eb me t\u00eb drejt\u00ebn e demokracis\u00eb. Mosbindja civile k\u00ebshtu nis, me protesta t\u00eb vogla p\u00ebr t\u00eb mos e l\u00ebn\u00eb pushtetin t\u00eb qet\u00eb, por do t\u00eb vazhdoj\u00eb n\u00eb t\u00eb gjith\u00eb Shqip\u00ebrin\u00eb.<\/p>\n<p>Ashtu u b\u00eb edhe n\u00eb 2021-n me 100 \u2013 200 veta, pastaj u b\u00ebn\u00eb lum\u00eb.\u00a0Sot grupi parlamentar \u00ebsht\u00eb t\u00ebr\u00ebsisht i bashkuar n\u00eb gjith\u00e7ka.<\/p>\n<p>Shqiptar\u00ebt duhet t\u00eb na bashkohen sepse qytetar\u00ebve shqiptar\u00eb po iu mohohet \u00e7do e drejt\u00eb, kemi nj\u00eb opozit\u00eb q\u00eb po burgoset dhe po rrezikojm\u00eb t\u00eb kthejm\u00eb monizimin n\u00eb vend.<\/p>\n<p>Ndryshe nga ai i m\u00ebparshmi ky \u00ebsht\u00eb nj\u00eb moniz\u00ebm kriminal, narko-regjim ndaj Shqip\u00ebria po vuan. Likuidimi i opozit\u00ebs po ndodh, por nuk do ta lejojme\u201d,\u00a0theksoi nd\u00ebr t\u00eb tjera deputeti demokrat Flamur Noka.<\/p>\n","protected":false},"excerpt":{"rendered":"<p>Deputeti i PD, Flamur Noka nga studioja e emisionit \u201cOra Betit\u201d n\u00eb \u201cOra News\u201d i b\u00ebri thirrje shqiptar\u00ebve q\u00eb t\u2019i bashkohen opozit\u00ebs n\u00eb protest\u00ebn e s\u00eb enjtes para Parlamentit. \u201cNe jemi k\u00ebtu ashtu si\u00e7 b\u00ebm\u00eb n\u00eb vitin 1990 p\u00ebr t\u00eb o\u00ebrmbysur nj\u00eb regjim kriminal q\u00eb ua kishte pir\u00eb gjakun shqiptar\u00ebve dhe e nj\u00ebjta situat\u00eb \u00ebsht\u00eb &hellip;<\/p>\n","protected":false},"author":4,"featured_media":66701,"comment_status":"closed","ping_status":"closed","sticky":false,"template":"","format":"standard","meta":{"footnotes":""},"categories":[37],"tags":[],"class_list":["post-66700","post","type-post","status-publish","format-standard","has-post-thumbnail","","category-politike"],"_links":{"self":[{"href":"https:\/\/rdnews.al\/index.php\/wp-json\/wp\/v2\/posts\/66700","targetHints":{"allow":["GET"]}}],"collection":[{"href":"https:\/\/rdnews.al\/index.php\/wp-json\/wp\/v2\/posts"}],"about":[{"href":"https:\/\/rdnews.al\/index.php\/wp-json\/wp\/v2\/types\/post"}],"author":[{"embeddable":true,"href":"https:\/\/rdnews.al\/index.php\/wp-json\/wp\/v2\/users\/4"}],"replies":[{"embeddable":true,"href":"https:\/\/rdnews.al\/index.php\/wp-json\/wp\/v2\/comments?post=66700"}],"version-history":[{"count":0,"href":"https:\/\/rdnews.al\/index.php\/wp-json\/wp\/v2\/posts\/66700\/revisions"}],"wp:featuredmedia":[{"embeddable":true,"href":"https:\/\/rdnews.al\/index.php\/wp-json\/wp\/v2\/media\/66701"}],"wp:attachment":[{"href":"https:\/\/rdnews.al\/index.php\/wp-json\/wp\/v2\/media?parent=66700"}],"wp:term":[{"taxonomy":"category","embeddable":true,"href":"https:\/\/rdnews.al\/index.php\/wp-json\/wp\/v2\/categories?post=66700"},{"taxonomy":"post_tag","embeddable":true,"href":"https:\/\/rdnews.al\/index.php\/wp-json\/wp\/v2\/tags?post=66700"}],"curies":[{"name":"wp","href":"https:\/\/api.w.org\/{rel}","templated":true}]}}