{"id":66703,"date":"2023-12-20T09:26:54","date_gmt":"2023-12-20T09:26:54","guid":{"rendered":"https:\/\/rdnews.al\/?p=66703"},"modified":"2023-12-20T09:26:54","modified_gmt":"2023-12-20T09:26:54","slug":"kurti-vrasjet-e-femijeve-ne-kosove-jane-krimet-me-te-tmerrshme-te-serbise","status":"publish","type":"post","link":"https:\/\/rdnews.al\/index.php\/2023\/12\/20\/kurti-vrasjet-e-femijeve-ne-kosove-jane-krimet-me-te-tmerrshme-te-serbise\/","title":{"rendered":"Kurti: Vrasjet e f\u00ebmij\u00ebve n\u00eb Kosov\u00eb jan\u00eb krimet m\u00eb t\u00eb tmerrshme t\u00eb Serbis\u00eb"},"content":{"rendered":"<p>Kryeministri i Republik\u00ebs s\u00eb Kosov\u00ebs, Albin Kurti, mbr\u00ebm\u00eb vizitoi ekspozit\u00ebn \u201cBeb\u00ebzat e mallit\u201d, t\u00eb fotografit Korab Krasniqi dhe kuratores Vesa Sahat\u00e7iu dedikuar f\u00ebmij\u00ebve t\u00eb vrar\u00eb, t\u00eb zhdukur dhe t\u00eb prekur nga lufta n\u00eb Kosov\u00eb.<\/p>\n<p>Krahas s\u00eb qenit nj\u00eb hap\u00ebsir\u00eb e posa\u00e7me e p\u00ebrkujtimit, kjo ekspozit\u00eb e hapur n\u00eb Ministrin\u00eb e Drejt\u00ebsis\u00eb, \u00ebsht\u00eb edhe ftes\u00eb p\u00ebr reflektim rreth m\u00ebnyr\u00ebs se si e mendojm\u00eb dhe p\u00ebrfaq\u00ebsojm\u00eb humbjen, individuale a kolektive.<\/p>\n<p><strong>Fjala e plot\u00eb e kryeministrit Kurti<\/strong><\/p>\n<p>\u201cN\u00eb qorrsokakun e p\u00ebrgjaksh\u00ebm<\/p>\n<p>Ku e vran\u00eb foshnj\u00ebn e sapolindur<\/p>\n<p>Dhe baban\u00eb e saj<\/p>\n<p>U desh t\u00eb kalojn\u00eb 20 vjet<\/p>\n<p>P\u00ebr t\u2019ia gjetur mbetjet mortore e p\u00ebr t\u2019ia dh\u00ebn\u00eb n\u00ebn\u00ebs s\u00eb vet<\/p>\n<p>Ajo sapo i mori eshtrat n\u00eb dor\u00eb,<\/p>\n<p>I afroi tek gjiri i saj.<\/p>\n<p>M\u00eb paska pritur a?<\/p>\n<p>Se nuk qenka rritur fare tha<\/p>\n<p>E buz\u00ebqeshi<\/p>\n<p>Mu para se t\u00eb hapej toka<\/p>\n<p>E ta p\u00ebrpinte.\u201d<\/p>\n<p>K\u00ebto jan\u00eb\u00a0vargje t\u00eb poetit ton\u00eb\u00a0t\u00eb ndjer\u00eb Xhevdet Bajraj, p\u00ebr thell\u00ebsin\u00eb e humbjes, mallit e munges\u00ebs.<\/p>\n<p>K\u00ebt\u00eb po e gjejm\u00eb edhe sonte, k\u00ebtu, n\u00eb nj\u00eb dimension t\u00ebve\u00e7ant\u00eb, me kujtimet p\u00ebr f\u00ebmij\u00ebt dhe\u00a0kujtimet e f\u00ebmij\u00ebve n\u00eb luft\u00eb.<\/p>\n<p>E nderuara Ministre e Drejt\u00ebsis\u00eb, znj. Albulena Haxhiu,<\/p>\n<p>E nderuar kuratore e ekspozit\u00ebs, znj. Vesa Sahat\u00e7iu,<\/p>\n<p>I nderuar z. Korab Krasniqi,<\/p>\n<p>T\u00eb nderuar t\u00eb pranish\u00ebm, zonja dhe zot\u00ebrinj,<\/p>\n<p>na ka mbledhur kjo ekspozit\u00eb me titull poetik \u201cBeb\u00ebzat e mallit\u201d, kushtuar f\u00ebmij\u00ebve t\u00eb vrar\u00eb, t\u00eb zhdukur dhe t\u00eb prekur nga lufta n\u00eb Kosov\u00eb. Na flet p\u00ebr \u201cf\u00ebmij\u00ebri t\u00eb rr\u00ebmbyera\u201d. Sikurse titulli i lib\u00ebr kujtimit mbi t\u00eb cilin bazohet ajo.<\/p>\n<p>Krahas s\u00eb qenurit nj\u00eb hap\u00ebsir\u00eb e posa\u00e7me e p\u00ebrkujtimit, kjo ekspozit\u00eb \u00ebsht\u00eb edhe ftes\u00eb p\u00ebr reflektim e p\u00ebrfshirje n\u00eb diskutim rreth m\u00ebnyr\u00ebs se si e mendojm\u00eb dhe p\u00ebrfaq\u00ebsojm\u00eb humbjen, individuale a kolektive.<\/p>\n<p>Mir\u00ebnjohje e fal\u00ebnderim p\u00ebr bashk\u00ebrendimin e p\u00ebrpjekjeve t\u00eb institucioneve dhe partner\u00ebve tan\u00eb q\u00eb kan\u00eb mund\u00ebsuar realizimin e k\u00ebtij projekti.<\/p>\n<p>Ngjarje t\u00eb k\u00ebtilla, p\u00ebrve\u00e7 se mbledhin kujtime dhe e ndajn\u00eb dhimbjen, i sh\u00ebrbejn\u00eb edhe kujtes\u00ebs son\u00eb kolektive, p\u00ebr t\u00eb shkuar\u00ebn, p\u00ebr t\u00eb mos e harruar kurr\u00eb at\u00eb.<\/p>\n<p>P\u00ebr t\u00eb nderuar dhe lart\u00ebsuar kujtimin e\u00a0f\u00ebmij\u00ebve t\u00eb vrar\u00eb dhe t\u00eb zhdukur gjat\u00eb luft\u00ebs, Qeveria e Republik\u00ebs s\u00eb Kosov\u00ebs \u00ebsht\u00eb e angazhuar n\u00eb projektin p\u00ebr memorialin dedikuar atyre.<\/p>\n<p>Liria jon\u00eb i ka rr\u00ebnj\u00ebt te t\u00eb r\u00ebn\u00ebt p\u00ebr liri. Vrasjet e f\u00ebmij\u00ebve n\u00eb Kosov\u00eb jan\u00eb krimet m\u00eb t\u00eb tmerrshme t\u00eb Serbis\u00eb. Andaj e kemi obligim, p\u00ebr lirin\u00eb dhe paqen q\u00eb e g\u00ebzojm\u00eb, p\u00ebr drejt\u00ebsin\u00eb q\u00eb e synojm\u00eb q\u00eb kurr\u00eb mos t\u2019i harrojm\u00eb.<\/p>\n<p>I p\u00ebrjetsh\u00ebm qoft\u00eb kujtimi p\u00ebr t\u00eb gjith\u00eb f\u00ebmij\u00ebt e vrar\u00eb gjat\u00eb luft\u00ebs n\u00eb Kosov\u00eb!<\/p>\n<p>Falemnderit.<\/p>\n","protected":false},"excerpt":{"rendered":"<p>Kryeministri i Republik\u00ebs s\u00eb Kosov\u00ebs, Albin Kurti, mbr\u00ebm\u00eb vizitoi ekspozit\u00ebn \u201cBeb\u00ebzat e mallit\u201d, t\u00eb fotografit Korab Krasniqi dhe kuratores Vesa Sahat\u00e7iu dedikuar f\u00ebmij\u00ebve t\u00eb vrar\u00eb, t\u00eb zhdukur dhe t\u00eb prekur nga lufta n\u00eb Kosov\u00eb. Krahas s\u00eb qenit nj\u00eb hap\u00ebsir\u00eb e posa\u00e7me e p\u00ebrkujtimit, kjo ekspozit\u00eb e hapur n\u00eb Ministrin\u00eb e Drejt\u00ebsis\u00eb, \u00ebsht\u00eb edhe ftes\u00eb p\u00ebr &hellip;<\/p>\n","protected":false},"author":4,"featured_media":66704,"comment_status":"closed","ping_status":"closed","sticky":false,"template":"","format":"standard","meta":{"footnotes":""},"categories":[38],"tags":[],"class_list":["post-66703","post","type-post","status-publish","format-standard","has-post-thumbnail","","category-bota"],"_links":{"self":[{"href":"https:\/\/rdnews.al\/index.php\/wp-json\/wp\/v2\/posts\/66703","targetHints":{"allow":["GET"]}}],"collection":[{"href":"https:\/\/rdnews.al\/index.php\/wp-json\/wp\/v2\/posts"}],"about":[{"href":"https:\/\/rdnews.al\/index.php\/wp-json\/wp\/v2\/types\/post"}],"author":[{"embeddable":true,"href":"https:\/\/rdnews.al\/index.php\/wp-json\/wp\/v2\/users\/4"}],"replies":[{"embeddable":true,"href":"https:\/\/rdnews.al\/index.php\/wp-json\/wp\/v2\/comments?post=66703"}],"version-history":[{"count":0,"href":"https:\/\/rdnews.al\/index.php\/wp-json\/wp\/v2\/posts\/66703\/revisions"}],"wp:featuredmedia":[{"embeddable":true,"href":"https:\/\/rdnews.al\/index.php\/wp-json\/wp\/v2\/media\/66704"}],"wp:attachment":[{"href":"https:\/\/rdnews.al\/index.php\/wp-json\/wp\/v2\/media?parent=66703"}],"wp:term":[{"taxonomy":"category","embeddable":true,"href":"https:\/\/rdnews.al\/index.php\/wp-json\/wp\/v2\/categories?post=66703"},{"taxonomy":"post_tag","embeddable":true,"href":"https:\/\/rdnews.al\/index.php\/wp-json\/wp\/v2\/tags?post=66703"}],"curies":[{"name":"wp","href":"https:\/\/api.w.org\/{rel}","templated":true}]}}