{"id":66706,"date":"2023-12-20T09:37:20","date_gmt":"2023-12-20T09:37:20","guid":{"rendered":"https:\/\/rdnews.al\/?p=66706"},"modified":"2023-12-20T09:37:20","modified_gmt":"2023-12-20T09:37:20","slug":"vrasja-ne-burgun-e-peqinit-skaneri-dhe-kamerat-e-sigurise-nuk-punonin-qe-nga-21-tetori","status":"publish","type":"post","link":"https:\/\/rdnews.al\/index.php\/2023\/12\/20\/vrasja-ne-burgun-e-peqinit-skaneri-dhe-kamerat-e-sigurise-nuk-punonin-qe-nga-21-tetori\/","title":{"rendered":"Vrasja n\u00eb burgun e Peqinit\/ Skaneri dhe kamerat e siguris\u00eb nuk punonin q\u00eb nga 21 Tetori"},"content":{"rendered":"<p>N\u00eb burgun e Peqinit skaneri nuk punonte q\u00eb nga 21 Tetori, po ashtu dhe me kamerat e siguris\u00eb kishte probleme dhe nuk mbulohej e gjith\u00eb hap\u00ebsira e brendshme e burgut.<\/p>\n<p>Gazetari Artan Hoxha ka publikuar n\u00eb emisionin Opinion raportin e drejtorit t\u00eb komanduar t\u00eb burgut t\u00eb Peqinit, Kamber Hoxha, i cili m\u00eb 30 N\u00ebntor pasi ishte deleguar n\u00eb at\u00eb institucion, kishte evidentuar nj\u00eb s\u00ebr\u00eb problematikash n\u00eb k\u00ebt\u00eb institucion t\u00eb vuajtjes s\u00eb d\u00ebnimit.<\/p>\n<p>Kamber Hoxha, i cili tashm\u00eb \u00ebsht\u00eb i arrestuar p\u00ebr vrasjen brenda burgut t\u00eb Peqinit m\u00eb 15 Dhjetor 2023, evidentonte faktin q\u00eb skaneri n\u00eb k\u00ebt\u00eb burg t\u00eb siguris\u00eb s\u00eb lart\u00eb nuk funksiononte q\u00eb prej 21 Tetorit.<\/p>\n<p>\u201cSkaneri p\u00ebr kontrollin e bagazheve nuk funksionon q\u00eb nga data 21 Tetor 2023. Q\u00eb nga Tetori, ti thua si ka hyr\u00eb arma, s\u2019ka pra skaner aty. Kjo \u00ebsht\u00eb n\u00eb raport. Nga data 21 Tetor nuk punon skaneri. Aty n\u00eb momentin q\u00eb nuk punon skaneri, duhet n\u00eb m\u00ebnyr\u00eb urgjente t\u00eb rikthehet skaneri se b\u00ebhet hataja, \u00ebsht\u00eb burg i siguris\u00eb s\u00eb lart\u00eb\u201d,\u00a0lexoi raportin Artan Hoxha.<\/p>\n<p>Po k\u00ebshtu, edhe me kamerat e siguris\u00eb kishte probleme dhe nuk mbulohej e gjith\u00eb hap\u00ebsira e brendshme e burgut.<\/p>\n<p>\u201cSistemi i monitorimit t\u00eb kamerave t\u00eb siguris\u00eb ka probleme me teknologjin\u00eb. N\u00eb regjim t\u00eb brendsh\u00ebm ka ambiente t\u00eb p\u00ebrbashk\u00ebta q\u00eb p\u00ebrdoren p\u00ebr aktivitete t\u00eb ndryshme me t\u00eb burgosurit si klasa, palestra, dhoma takimesh me familjar\u00eb, virtuale online, takime me avokat\u00ebt, rrug\u00ebdaljet p\u00ebr n\u00eb ajrosje q\u00eb jan\u00eb t\u00eb pamonitoruara nga kamerat e siguris\u00eb n\u00eb t\u00eb dyja godinat. K\u00ebto korridoret mbulohen vet\u00ebm me nj\u00eb kamera, por duke patur parasysh faktin se sektor\u00ebt kan\u00eb nj\u00eb gjat\u00ebsi t\u00eb konsiderueshme, e b\u00ebn t\u00eb pamundur mbulimin me 1 kamera\u201d.<\/p>\n<p>Nj\u00eb tjet\u00ebr problematik\u00eb e evidentuar n\u00eb raportin e drejtorit t\u00eb komanduar, \u00ebsht\u00eb fakti q\u00eb dyert e qelive hapen me nj\u00eb \u00e7el\u00ebs t\u00eb vet\u00ebm, nd\u00ebrsa shulat jan\u00eb t\u00eb cil\u00ebsis\u00eb s\u00eb dob\u00ebt.<\/p>\n<p>\u201cT\u00eb gjitha dyert e banimit t\u00eb burgosurve n\u00eb sektor hapen me nj\u00eb \u00e7el\u00ebs t\u00eb vet\u00ebm, nd\u00ebrsa drynat e shuleve t\u00eb cil\u00ebt mbyllen n\u00eb turnin e tret\u00eb jan\u00eb cil\u00ebsi shum\u00eb e dob\u00ebt, gj\u00eb e cila c\u00ebnon r\u00ebnd\u00eb sigurin\u00eb e institucionit dhe vet\u00eb t\u00eb burgosurve\u201d.<\/p>\n<p><img loading=\"lazy\" decoding=\"async\" class=\"alignnone size-medium wp-image-66708\" src=\"https:\/\/rdnews.al\/wp-content\/uploads\/2023\/12\/sfsda-640x277-1-300x130.jpg\" alt=\"\" width=\"300\" height=\"130\" srcset=\"https:\/\/rdnews.al\/wp-content\/uploads\/2023\/12\/sfsda-640x277-1-300x130.jpg 300w, https:\/\/rdnews.al\/wp-content\/uploads\/2023\/12\/sfsda-640x277-1.jpg 640w\" sizes=\"auto, (max-width: 300px) 100vw, 300px\" \/><\/p>\n","protected":false},"excerpt":{"rendered":"<p>N\u00eb burgun e Peqinit skaneri nuk punonte q\u00eb nga 21 Tetori, po ashtu dhe me kamerat e siguris\u00eb kishte probleme dhe nuk mbulohej e gjith\u00eb hap\u00ebsira e brendshme e burgut. Gazetari Artan Hoxha ka publikuar n\u00eb emisionin Opinion raportin e drejtorit t\u00eb komanduar t\u00eb burgut t\u00eb Peqinit, Kamber Hoxha, i cili m\u00eb 30 N\u00ebntor pasi &hellip;<\/p>\n","protected":false},"author":4,"featured_media":66707,"comment_status":"closed","ping_status":"closed","sticky":false,"template":"","format":"standard","meta":{"footnotes":""},"categories":[37],"tags":[],"class_list":["post-66706","post","type-post","status-publish","format-standard","has-post-thumbnail","","category-politike"],"_links":{"self":[{"href":"https:\/\/rdnews.al\/index.php\/wp-json\/wp\/v2\/posts\/66706","targetHints":{"allow":["GET"]}}],"collection":[{"href":"https:\/\/rdnews.al\/index.php\/wp-json\/wp\/v2\/posts"}],"about":[{"href":"https:\/\/rdnews.al\/index.php\/wp-json\/wp\/v2\/types\/post"}],"author":[{"embeddable":true,"href":"https:\/\/rdnews.al\/index.php\/wp-json\/wp\/v2\/users\/4"}],"replies":[{"embeddable":true,"href":"https:\/\/rdnews.al\/index.php\/wp-json\/wp\/v2\/comments?post=66706"}],"version-history":[{"count":0,"href":"https:\/\/rdnews.al\/index.php\/wp-json\/wp\/v2\/posts\/66706\/revisions"}],"wp:featuredmedia":[{"embeddable":true,"href":"https:\/\/rdnews.al\/index.php\/wp-json\/wp\/v2\/media\/66707"}],"wp:attachment":[{"href":"https:\/\/rdnews.al\/index.php\/wp-json\/wp\/v2\/media?parent=66706"}],"wp:term":[{"taxonomy":"category","embeddable":true,"href":"https:\/\/rdnews.al\/index.php\/wp-json\/wp\/v2\/categories?post=66706"},{"taxonomy":"post_tag","embeddable":true,"href":"https:\/\/rdnews.al\/index.php\/wp-json\/wp\/v2\/tags?post=66706"}],"curies":[{"name":"wp","href":"https:\/\/api.w.org\/{rel}","templated":true}]}}